{"id":3762,"date":"2020-07-01T14:09:16","date_gmt":"2020-07-01T19:09:16","guid":{"rendered":"https:\/\/encuentroinformativo.com\/?p=3762"},"modified":"2020-07-01T14:28:19","modified_gmt":"2020-07-01T19:28:19","slug":"lamenta-personal-medico-deceso-del-doctor-matus","status":"publish","type":"post","link":"https:\/\/encuentroinformativo.com.mx\/?p=3762","title":{"rendered":"Lamenta personal m\u00e9dico deceso del doctor Matus"},"content":{"rendered":"\n<p><strong>Juan Arcos <\/strong><\/p>\n\n\n\n<p>Xalapa, Ver.- La noche del martes se report\u00f3 el primer fallecimiento de un m\u00e9dico en el Centro de Alta Especialidad (CAE) \u201cDoctor Rafael Lucio\u201d, hospital COVID-19 que se encuentra en Xalapa.<\/p>\n\n\n\n<p>Se trata del Doctor Jorge Enrique Matus Castro, quien se contagi\u00f3 de COVID-19 y estuvo internado durante tres semanas por complicaciones a su salud.<\/p>\n\n\n\n<p>El m\u00e9dico estaba adscrito a la Unidad de Cuidados Intensivos (UCI) y era encargado de recibir a los pacientes con s\u00edntomas de la mencionada enfermedad.<\/p>\n\n\n\n<p>Sus compa\u00f1eros comentaron que en ese lugar pudo haberse contagiado y detallaron que el m\u00e9dico Matus Castro padec\u00eda enfermedades cr\u00f3nicas, situaci\u00f3n que complic\u00f3 su lucha contra la enfermedad.<\/p>\n\n\n\n<p>El personal m\u00e9dico y de enfermer\u00eda est\u00e1 de luto en la entidad veracruzana.<br>En redes sociales, se unieron a la pena por el deceso y recordaron al m\u00e9dico como una persona \u00edntegra, un profesional capaz, fiel a su profesi\u00f3n que dio hasta el \u00faltimo momento atenci\u00f3n m\u00e9dica a sus pacientes.<\/p>\n\n\n\n<p>El Centro de Alta Especialidad reporta hasta el momento dos contagios entre el personal m\u00e9dico, el hoy fallecido y otro especialista que ingresaba al \u00e1rea asignada para el tratamiento de pacientes con COVID-19 y de quien se desconoce su estado de salud.<\/p>\n\n\n\n<p>Desde el inicio de la pandemia, personal m\u00e9dico, de enfermer\u00eda, param\u00e9dico y administrativo ha manifestado la falta de insumos de protecci\u00f3n en los distintos hospitales de la entidad.<\/p>\n\n\n\n<p>Incluso, personal que labora en el Sector Salud se ha amparado bajo distintos t\u00e9rminos, para evitar riesgos de contagio.<\/p>\n\n\n\n<p><\/p>\n\n\n\n<p><\/p>\n","protected":false},"excerpt":{"rendered":"<p>Juan Arcos Xalapa, Ver.- La noche del martes se report\u00f3 el primer fallecimiento de un m\u00e9dico en el Centro de Alta Especialidad (CAE) \u201cDoctor Rafael Lucio\u201d, hospital COVID-19 que se encuentra en Xalapa. Se trata del Doctor Jorge Enrique Matus Castro, quien se contagi\u00f3 de COVID-19 y estuvo internado durante tres semanas por complicaciones a [&hellip;]<\/p>\n","protected":false},"author":1,"featured_media":3763,"comment_status":"open","ping_status":"open","sticky":false,"template":"","format":"standard","meta":{"_jetpack_memberships_contains_paid_content":false,"footnotes":""},"categories":[9],"tags":[],"class_list":["post-3762","post","type-post","status-publish","format-standard","has-post-thumbnail","hentry","category-salud"],"jetpack_featured_media_url":"https:\/\/encuentroinformativo.com.mx\/wp-content\/uploads\/2020\/07\/765D9233-A55C-4A3A-A0FB-3FCB18AEE3A0.jpeg","jetpack_sharing_enabled":true,"jetpack_likes_enabled":true,"amp_enabled":true,"_links":{"self":[{"href":"https:\/\/encuentroinformativo.com.mx\/index.php?rest_route=\/wp\/v2\/posts\/3762","targetHints":{"allow":["GET"]}}],"collection":[{"href":"https:\/\/encuentroinformativo.com.mx\/index.php?rest_route=\/wp\/v2\/posts"}],"about":[{"href":"https:\/\/encuentroinformativo.com.mx\/index.php?rest_route=\/wp\/v2\/types\/post"}],"author":[{"embeddable":true,"href":"https:\/\/encuentroinformativo.com.mx\/index.php?rest_route=\/wp\/v2\/users\/1"}],"replies":[{"embeddable":true,"href":"https:\/\/encuentroinformativo.com.mx\/index.php?rest_route=%2Fwp%2Fv2%2Fcomments&post=3762"}],"version-history":[{"count":1,"href":"https:\/\/encuentroinformativo.com.mx\/index.php?rest_route=\/wp\/v2\/posts\/3762\/revisions"}],"predecessor-version":[{"id":3764,"href":"https:\/\/encuentroinformativo.com.mx\/index.php?rest_route=\/wp\/v2\/posts\/3762\/revisions\/3764"}],"wp:featuredmedia":[{"embeddable":true,"href":"https:\/\/encuentroinformativo.com.mx\/index.php?rest_route=\/wp\/v2\/media\/3763"}],"wp:attachment":[{"href":"https:\/\/encuentroinformativo.com.mx\/index.php?rest_route=%2Fwp%2Fv2%2Fmedia&parent=3762"}],"wp:term":[{"taxonomy":"category","embeddable":true,"href":"https:\/\/encuentroinformativo.com.mx\/index.php?rest_route=%2Fwp%2Fv2%2Fcategories&post=3762"},{"taxonomy":"post_tag","embeddable":true,"href":"https:\/\/encuentroinformativo.com.mx\/index.php?rest_route=%2Fwp%2Fv2%2Ftags&post=3762"}],"curies":[{"name":"wp","href":"https:\/\/api.w.org\/{rel}","templated":true}]}}