{"id":37645,"date":"2023-03-06T11:40:51","date_gmt":"2023-03-06T17:40:51","guid":{"rendered":"https:\/\/encuentroinformativo.com.mx\/?p=37645"},"modified":"2023-03-06T14:46:59","modified_gmt":"2023-03-06T20:46:59","slug":"anuncian-segundo-encuentro-cultural-del-orgullo-veracruzano","status":"publish","type":"post","link":"https:\/\/encuentroinformativo.com.mx\/?p=37645","title":{"rendered":"Anuncian Segundo Encuentro Cultural del Orgullo Veracruzano"},"content":{"rendered":"\n<p><strong>Israel Garc\u00eda <\/strong><\/p>\n\n\n\n<p>Xalapa, Ver.- Autoridades estatales dieron a conocer la realizaci\u00f3n del Segundo Encuentro Cultural del Orgullo Veracruzano 2023.<\/p>\n\n\n\n<p>En conferencia de prensa, el Gobernador del Estado de Veracruz, Cuitl\u00e1huac Garc\u00eda Jim\u00e9nez;\u00a0 la Directora del DIF Estatal,  Rebeca Quintanar Barcelo; el Secretario de Gobierno Eric Cisneros Burgos; el Alcalde del Municipio de Coatepec, Raymundo Andrade Rivera y el Alcalde de Xico Luis Yoval Maldonado.<\/p>\n\n\n\n<p>Dieron a conocer el Segundo <em>Encuentro Cultural del Orgullo Veracruz 2023<\/em>, que se desarrollar\u00e1 en los municipios pueblo m\u00e1gicos, Xico y Coatepec.<\/p>\n\n\n\n<p>Ser\u00e1n los d\u00edas 10, 11 y 12 del mes de marzo,a partir de las 17:00 horas, los eventos culturales ser\u00e1n totalmente gratis. Participar\u00e1n grupos culturales y para que la gente ense\u00f1en sus mejores pasos vayan a bailar, con los grupos chunchaqueros. Son 50 municipios los que se promover\u00e1n para el evento cultural.<\/p>\n\n\n\n<p>En Coatepec se presentar\u00e1  Merenglass, Sonora Dinamita y los Junior Clan; mientras que en Xico, estar\u00e1n los Super Lamas, Los Vela, el super show de los V\u00e1squez.<br><\/p>\n","protected":false},"excerpt":{"rendered":"<p>Israel Garc\u00eda Xalapa, Ver.- Autoridades estatales dieron a conocer la realizaci\u00f3n del Segundo Encuentro Cultural del Orgullo Veracruzano 2023. En conferencia de prensa, el Gobernador del Estado de Veracruz, Cuitl\u00e1huac Garc\u00eda Jim\u00e9nez;\u00a0 la Directora del DIF Estatal, Rebeca Quintanar Barcelo; el Secretario de Gobierno Eric Cisneros Burgos; el Alcalde del Municipio de Coatepec, Raymundo Andrade [&hellip;]<\/p>\n","protected":false},"author":2476,"featured_media":37646,"comment_status":"open","ping_status":"open","sticky":false,"template":"","format":"standard","meta":{"_jetpack_memberships_contains_paid_content":false,"footnotes":""},"categories":[2],"tags":[],"class_list":["post-37645","post","type-post","status-publish","format-standard","has-post-thumbnail","hentry","category-estado"],"jetpack_featured_media_url":"https:\/\/encuentroinformativo.com.mx\/wp-content\/uploads\/2023\/03\/IMG-20230306-WA01322.jpg","jetpack_sharing_enabled":true,"jetpack_likes_enabled":true,"amp_enabled":true,"_links":{"self":[{"href":"https:\/\/encuentroinformativo.com.mx\/index.php?rest_route=\/wp\/v2\/posts\/37645","targetHints":{"allow":["GET"]}}],"collection":[{"href":"https:\/\/encuentroinformativo.com.mx\/index.php?rest_route=\/wp\/v2\/posts"}],"about":[{"href":"https:\/\/encuentroinformativo.com.mx\/index.php?rest_route=\/wp\/v2\/types\/post"}],"author":[{"embeddable":true,"href":"https:\/\/encuentroinformativo.com.mx\/index.php?rest_route=\/wp\/v2\/users\/2476"}],"replies":[{"embeddable":true,"href":"https:\/\/encuentroinformativo.com.mx\/index.php?rest_route=%2Fwp%2Fv2%2Fcomments&post=37645"}],"version-history":[{"count":1,"href":"https:\/\/encuentroinformativo.com.mx\/index.php?rest_route=\/wp\/v2\/posts\/37645\/revisions"}],"predecessor-version":[{"id":37647,"href":"https:\/\/encuentroinformativo.com.mx\/index.php?rest_route=\/wp\/v2\/posts\/37645\/revisions\/37647"}],"wp:featuredmedia":[{"embeddable":true,"href":"https:\/\/encuentroinformativo.com.mx\/index.php?rest_route=\/wp\/v2\/media\/37646"}],"wp:attachment":[{"href":"https:\/\/encuentroinformativo.com.mx\/index.php?rest_route=%2Fwp%2Fv2%2Fmedia&parent=37645"}],"wp:term":[{"taxonomy":"category","embeddable":true,"href":"https:\/\/encuentroinformativo.com.mx\/index.php?rest_route=%2Fwp%2Fv2%2Fcategories&post=37645"},{"taxonomy":"post_tag","embeddable":true,"href":"https:\/\/encuentroinformativo.com.mx\/index.php?rest_route=%2Fwp%2Fv2%2Ftags&post=37645"}],"curies":[{"name":"wp","href":"https:\/\/api.w.org\/{rel}","templated":true}]}}