{"id":37655,"date":"2023-03-06T19:30:10","date_gmt":"2023-03-07T01:30:10","guid":{"rendered":"https:\/\/encuentroinformativo.com.mx\/?p=37655"},"modified":"2023-03-06T19:30:15","modified_gmt":"2023-03-07T01:30:15","slug":"morena-tendria-12-mil-comites-de-base-en-veracruz-segun-dirigente","status":"publish","type":"post","link":"https:\/\/encuentroinformativo.com.mx\/?p=37655","title":{"rendered":"Morena tendr\u00eda 12 mil Comit\u00e9s de Base en Veracruz, seg\u00fan dirigente"},"content":{"rendered":"\n<p><strong>Alejandro \u00c1vila<\/strong><\/p>\n\n\n\n<p>Veracruz, Ver.- El presidente estatal de Morena, Esteban Ram\u00edrez Zepeta, mencion\u00f3 que buscan crear 12 mil comit\u00e9s de base en todo el territorio veracruzano.&nbsp;<\/p>\n\n\n\n<p>\u201cA ras de suelo estamos y seguiremos trabajando para consolidar la Transformaci\u00f3n en todo Veracruz, en este a\u00f1o estamos buscando conformar 12 mil comit\u00e9s de base del partido en todo el territorio veracruzano, para reforzar y fortalecer la estructura y la operaci\u00f3n\u201d, se\u00f1al\u00f3.&nbsp;<\/p>\n\n\n\n<p>El dirigente morenista afirm\u00f3 que lo ha dicho en muchas ocasiones: \u201cLa Transformaci\u00f3n se hace desde el territorio, a ras de suelo, y as\u00ed vamos a seguir trabajando Unidos y Organizados para reforzar al movimiento de Transformaci\u00f3n\u201d.<\/p>\n\n\n\n<p>\u201cVamos a seguirle dando estructura a nuestro movimiento. Vamos a seguir caminando casa por casa en todo Veracruz porque eso nos da la oportunidad de conocer las inquietudes de los veracruzanos, y tambi\u00e9n para informar y defender los logros de los gobiernos Federal y Estatal, vamos a seguir Unidos y Organizados y nadie nos va a quitar la confianza de los ciudadanos\u201d, concluy\u00f3.<\/p>\n","protected":false},"excerpt":{"rendered":"<p>Alejandro \u00c1vila Veracruz, Ver.- El presidente estatal de Morena, Esteban Ram\u00edrez Zepeta, mencion\u00f3 que buscan crear 12 mil comit\u00e9s de base en todo el territorio veracruzano.&nbsp; \u201cA ras de suelo estamos y seguiremos trabajando para consolidar la Transformaci\u00f3n en todo Veracruz, en este a\u00f1o estamos buscando conformar 12 mil comit\u00e9s de base del partido en [&hellip;]<\/p>\n","protected":false},"author":2476,"featured_media":37656,"comment_status":"open","ping_status":"open","sticky":false,"template":"","format":"standard","meta":{"_jetpack_memberships_contains_paid_content":false,"footnotes":""},"categories":[2],"tags":[],"class_list":["post-37655","post","type-post","status-publish","format-standard","has-post-thumbnail","hentry","category-estado"],"jetpack_featured_media_url":"https:\/\/encuentroinformativo.com.mx\/wp-content\/uploads\/2023\/03\/IMG-20230306-WA0153.jpg","jetpack_sharing_enabled":true,"jetpack_likes_enabled":true,"amp_enabled":true,"_links":{"self":[{"href":"https:\/\/encuentroinformativo.com.mx\/index.php?rest_route=\/wp\/v2\/posts\/37655","targetHints":{"allow":["GET"]}}],"collection":[{"href":"https:\/\/encuentroinformativo.com.mx\/index.php?rest_route=\/wp\/v2\/posts"}],"about":[{"href":"https:\/\/encuentroinformativo.com.mx\/index.php?rest_route=\/wp\/v2\/types\/post"}],"author":[{"embeddable":true,"href":"https:\/\/encuentroinformativo.com.mx\/index.php?rest_route=\/wp\/v2\/users\/2476"}],"replies":[{"embeddable":true,"href":"https:\/\/encuentroinformativo.com.mx\/index.php?rest_route=%2Fwp%2Fv2%2Fcomments&post=37655"}],"version-history":[{"count":1,"href":"https:\/\/encuentroinformativo.com.mx\/index.php?rest_route=\/wp\/v2\/posts\/37655\/revisions"}],"predecessor-version":[{"id":37657,"href":"https:\/\/encuentroinformativo.com.mx\/index.php?rest_route=\/wp\/v2\/posts\/37655\/revisions\/37657"}],"wp:featuredmedia":[{"embeddable":true,"href":"https:\/\/encuentroinformativo.com.mx\/index.php?rest_route=\/wp\/v2\/media\/37656"}],"wp:attachment":[{"href":"https:\/\/encuentroinformativo.com.mx\/index.php?rest_route=%2Fwp%2Fv2%2Fmedia&parent=37655"}],"wp:term":[{"taxonomy":"category","embeddable":true,"href":"https:\/\/encuentroinformativo.com.mx\/index.php?rest_route=%2Fwp%2Fv2%2Fcategories&post=37655"},{"taxonomy":"post_tag","embeddable":true,"href":"https:\/\/encuentroinformativo.com.mx\/index.php?rest_route=%2Fwp%2Fv2%2Ftags&post=37655"}],"curies":[{"name":"wp","href":"https:\/\/api.w.org\/{rel}","templated":true}]}}