{"id":37658,"date":"2023-03-06T20:39:35","date_gmt":"2023-03-07T02:39:35","guid":{"rendered":"https:\/\/encuentroinformativo.com.mx\/?p=37658"},"modified":"2023-03-06T20:39:39","modified_gmt":"2023-03-07T02:39:39","slug":"vinculan-a-proceso-a-padres-de-marlon-n-por-participacion-en-feminicidio","status":"publish","type":"post","link":"https:\/\/encuentroinformativo.com.mx\/?p=37658","title":{"rendered":"Vinculan a proceso a padres de Marlon &#8220;N&#8221; por participaci\u00f3n en feminicidio"},"content":{"rendered":"\n<p><strong>Alejandro \u00c1vila<\/strong><\/p>\n\n\n\n<p>Veracruz, Ver.- La tarde de este lunes 6 de marzo fueron finalmente vinculados a proceso los padres de Marlon &#8220;N&#8221;, al existir pruebas contundentes de su participaci\u00f3n al prestar ayuda a la comisi\u00f3n del delito de feminicidio.<\/p>\n\n\n\n<p>La audiencia se llev\u00f3 a cabo en la Fiscal\u00eda ubicada en el fraccionamiento Vistamar, e inici\u00f3 a las 17 horas, culminando poco despu\u00e9s de las 19 horas.<\/p>\n\n\n\n<p>La sentencia arroja 2 meses de investigaci\u00f3n complementaria a partir de esta fecha; cabe mencionar que dicha audiencia fue en cumplimiento al amparo que les fue otorgado a los padres de Marlon &#8220;N&#8221;, donde se dio cabal cumplimiento a la sentencia; ambos llevar\u00e1n su proceso en prisi\u00f3n.<\/p>\n\n\n\n<p>Cabe recordar que el pasado 27 de febrero, el padre de Monserrat Bendimes Rold\u00e1n, V\u00edctor Manuel, se\u00f1al\u00f3 en entrevista que las \u00faltimas cinco audiencias hab\u00edan sido canceladas; por lo que solicitaba a las autoridades que se diera celeridad al proceso jur\u00eddico.<\/p>\n\n\n\n<p>La familia de Monserrat Bendimes, v\u00edctima de feminicidio en abril del 2021, ha sufrido un proceso largo y enredoso para lograr la justicia en favor de su hija.<\/p>\n","protected":false},"excerpt":{"rendered":"<p>Alejandro \u00c1vila Veracruz, Ver.- La tarde de este lunes 6 de marzo fueron finalmente vinculados a proceso los padres de Marlon &#8220;N&#8221;, al existir pruebas contundentes de su participaci\u00f3n al prestar ayuda a la comisi\u00f3n del delito de feminicidio. La audiencia se llev\u00f3 a cabo en la Fiscal\u00eda ubicada en el fraccionamiento Vistamar, e inici\u00f3 [&hellip;]<\/p>\n","protected":false},"author":2476,"featured_media":37659,"comment_status":"open","ping_status":"open","sticky":false,"template":"","format":"standard","meta":{"_jetpack_memberships_contains_paid_content":false,"footnotes":""},"categories":[2],"tags":[],"class_list":["post-37658","post","type-post","status-publish","format-standard","has-post-thumbnail","hentry","category-estado"],"jetpack_featured_media_url":"https:\/\/encuentroinformativo.com.mx\/wp-content\/uploads\/2023\/03\/IMG-20230306-WA0174.jpg","jetpack_sharing_enabled":true,"jetpack_likes_enabled":true,"amp_enabled":true,"_links":{"self":[{"href":"https:\/\/encuentroinformativo.com.mx\/index.php?rest_route=\/wp\/v2\/posts\/37658","targetHints":{"allow":["GET"]}}],"collection":[{"href":"https:\/\/encuentroinformativo.com.mx\/index.php?rest_route=\/wp\/v2\/posts"}],"about":[{"href":"https:\/\/encuentroinformativo.com.mx\/index.php?rest_route=\/wp\/v2\/types\/post"}],"author":[{"embeddable":true,"href":"https:\/\/encuentroinformativo.com.mx\/index.php?rest_route=\/wp\/v2\/users\/2476"}],"replies":[{"embeddable":true,"href":"https:\/\/encuentroinformativo.com.mx\/index.php?rest_route=%2Fwp%2Fv2%2Fcomments&post=37658"}],"version-history":[{"count":1,"href":"https:\/\/encuentroinformativo.com.mx\/index.php?rest_route=\/wp\/v2\/posts\/37658\/revisions"}],"predecessor-version":[{"id":37660,"href":"https:\/\/encuentroinformativo.com.mx\/index.php?rest_route=\/wp\/v2\/posts\/37658\/revisions\/37660"}],"wp:featuredmedia":[{"embeddable":true,"href":"https:\/\/encuentroinformativo.com.mx\/index.php?rest_route=\/wp\/v2\/media\/37659"}],"wp:attachment":[{"href":"https:\/\/encuentroinformativo.com.mx\/index.php?rest_route=%2Fwp%2Fv2%2Fmedia&parent=37658"}],"wp:term":[{"taxonomy":"category","embeddable":true,"href":"https:\/\/encuentroinformativo.com.mx\/index.php?rest_route=%2Fwp%2Fv2%2Fcategories&post=37658"},{"taxonomy":"post_tag","embeddable":true,"href":"https:\/\/encuentroinformativo.com.mx\/index.php?rest_route=%2Fwp%2Fv2%2Ftags&post=37658"}],"curies":[{"name":"wp","href":"https:\/\/api.w.org\/{rel}","templated":true}]}}