{"id":37661,"date":"2023-03-07T00:54:17","date_gmt":"2023-03-07T06:54:17","guid":{"rendered":"https:\/\/encuentroinformativo.com.mx\/?p=37661"},"modified":"2023-03-07T00:54:20","modified_gmt":"2023-03-07T06:54:20","slug":"fallecio-madre-de-ex-diputado-ejecutado-alexis-sanchez","status":"publish","type":"post","link":"https:\/\/encuentroinformativo.com.mx\/?p=37661","title":{"rendered":"Falleci\u00f3 madre de ex diputado ejecutado Alexis S\u00e1nchez"},"content":{"rendered":"\n<p><strong>Juan Arcos <\/strong><\/p>\n\n\n\n<p>Xalapa, Ver.- La madre del exdiputado local Alexis S\u00e1nchez Garc\u00eda, quien fue asesinado a balazos junto con su hijo menor de edad, muri\u00f3 de un infarto en su velorio.<\/p>\n\n\n\n<p>Se trata de Amelia Garc\u00eda Fern\u00e1ndez, quien ser\u00e1 sepultada en el municipio de C\u00f3rdoba, luego de la misa de cuerpo presente junto a su hijo y su nieto.<\/p>\n\n\n\n<p>Esto lo confirm\u00f3 Arturo S\u00e1nchez Garc\u00eda, exalcalde de Tezonapa y hermano de Alexis, quien muri\u00f3 tras un ataque armado el domingo 5 de marzo en la zona centro de dicho municipio.<\/p>\n\n\n\n<p>Arturo public\u00f3 un video en redes sociales para informar a los tezonape\u00f1os y cosolape\u00f1os que falleci\u00f3 uno de los pilares m\u00e1s importantes en su familia: su madre.<\/p>\n\n\n\n<p>\u201cNom\u00e1s me quedo solito yo, falleci\u00f3 Amelia Garc\u00eda Fern\u00e1ndez, mi madre. Va a ser velada en funerales Velez y ma\u00f1ana ser\u00e1 enterrada en C\u00f3rdoba. Va a estar en la misa a la una de la tarde al lado de su hijo y de su nieto\u201d, expres\u00f3.<\/p>\n\n\n\n<p>Alexis S\u00e1nchez, secretario de Servicios Legislativos en el Congreso local, fue asesinado despu\u00e9s de las dos de la tarde del domingo 5 de marzo, sobre la calle Miguel Hidalgo, en la zona centro de Tezonapa, donde fue perseguido por sujetos armados cuando circulaba en su camioneta, color blanca, con su hijo y su esposa.<\/p>\n","protected":false},"excerpt":{"rendered":"<p>Juan Arcos Xalapa, Ver.- La madre del exdiputado local Alexis S\u00e1nchez Garc\u00eda, quien fue asesinado a balazos junto con su hijo menor de edad, muri\u00f3 de un infarto en su velorio. Se trata de Amelia Garc\u00eda Fern\u00e1ndez, quien ser\u00e1 sepultada en el municipio de C\u00f3rdoba, luego de la misa de cuerpo presente junto a su [&hellip;]<\/p>\n","protected":false},"author":2476,"featured_media":37662,"comment_status":"open","ping_status":"open","sticky":false,"template":"","format":"standard","meta":{"_jetpack_memberships_contains_paid_content":false,"footnotes":""},"categories":[2],"tags":[],"class_list":["post-37661","post","type-post","status-publish","format-standard","has-post-thumbnail","hentry","category-estado"],"jetpack_featured_media_url":"https:\/\/encuentroinformativo.com.mx\/wp-content\/uploads\/2023\/03\/IMG_54172.jpg","jetpack_sharing_enabled":true,"jetpack_likes_enabled":true,"amp_enabled":true,"_links":{"self":[{"href":"https:\/\/encuentroinformativo.com.mx\/index.php?rest_route=\/wp\/v2\/posts\/37661","targetHints":{"allow":["GET"]}}],"collection":[{"href":"https:\/\/encuentroinformativo.com.mx\/index.php?rest_route=\/wp\/v2\/posts"}],"about":[{"href":"https:\/\/encuentroinformativo.com.mx\/index.php?rest_route=\/wp\/v2\/types\/post"}],"author":[{"embeddable":true,"href":"https:\/\/encuentroinformativo.com.mx\/index.php?rest_route=\/wp\/v2\/users\/2476"}],"replies":[{"embeddable":true,"href":"https:\/\/encuentroinformativo.com.mx\/index.php?rest_route=%2Fwp%2Fv2%2Fcomments&post=37661"}],"version-history":[{"count":1,"href":"https:\/\/encuentroinformativo.com.mx\/index.php?rest_route=\/wp\/v2\/posts\/37661\/revisions"}],"predecessor-version":[{"id":37663,"href":"https:\/\/encuentroinformativo.com.mx\/index.php?rest_route=\/wp\/v2\/posts\/37661\/revisions\/37663"}],"wp:featuredmedia":[{"embeddable":true,"href":"https:\/\/encuentroinformativo.com.mx\/index.php?rest_route=\/wp\/v2\/media\/37662"}],"wp:attachment":[{"href":"https:\/\/encuentroinformativo.com.mx\/index.php?rest_route=%2Fwp%2Fv2%2Fmedia&parent=37661"}],"wp:term":[{"taxonomy":"category","embeddable":true,"href":"https:\/\/encuentroinformativo.com.mx\/index.php?rest_route=%2Fwp%2Fv2%2Fcategories&post=37661"},{"taxonomy":"post_tag","embeddable":true,"href":"https:\/\/encuentroinformativo.com.mx\/index.php?rest_route=%2Fwp%2Fv2%2Ftags&post=37661"}],"curies":[{"name":"wp","href":"https:\/\/api.w.org\/{rel}","templated":true}]}}