{"id":37667,"date":"2023-03-07T09:38:36","date_gmt":"2023-03-07T15:38:36","guid":{"rendered":"https:\/\/encuentroinformativo.com.mx\/?p=37667"},"modified":"2023-03-07T09:38:40","modified_gmt":"2023-03-07T15:38:40","slug":"aprueba-cabildo-porteno-capacitacion-de-policias-municipales","status":"publish","type":"post","link":"https:\/\/encuentroinformativo.com.mx\/?p=37667","title":{"rendered":"Aprueba Cabildo porte\u00f1o capacitaci\u00f3n de polic\u00edas municipales"},"content":{"rendered":"\n<p><strong>Alejandro \u00c1vila<\/strong><\/p>\n\n\n\n<p>Veracruz, Ver.- Hace unos d\u00edas la regidora morenista, Lissethe Mart\u00ednez Echeverr\u00eda solicit\u00f3 en el Cabildo de Veracruz la capacitaci\u00f3n de los elementos de la Polic\u00eda Municipal a trav\u00e9s de la Oficina de Programa de Gobierno y Mejora Regulatoria.<\/p>\n\n\n\n<p>El proyecto fue aprobado por mayor\u00eda y en pr\u00f3ximos d\u00edas se iniciar\u00e1n con los talleres para mejorar la atenci\u00f3n y respuesta de los elementos de seguridad municipal.<\/p>\n\n\n\n<p>&#8220;Exhortamos a la alcaldesa para que a trav\u00e9s de esta Oficina de Programa de Gobierno y Mejora Regulatoria se pudiera capacitar mejor a esos elementos de polic\u00eda, son muy pocos los elementos desafortunadamente, pero estamos haciendo todo lo posible para tener iniciativas propositivas que mejoren la administraci\u00f3n, que mejoren la atenci\u00f3n, y recalcar que esta capacitaci\u00f3n que se les va a dar a estos elementos de la Polic\u00eda Municipal, pues son totalmente parte del recurso de esta administraci\u00f3n, no tendr\u00edamos que estar contratando a despachos externos o se har\u00eda una erogaci\u00f3n al presupuesto&#8221;, apunt\u00f3.<\/p>\n\n\n\n<p>En ese sentido, la edil morenista mencion\u00f3 que las capacitaciones ser\u00e1n durante todo el mes de marzo.<\/p>\n\n\n\n<p>&#8220;Esto con respecto a la problem\u00e1tica social, donde hay demasiada violencia, donde la violencia de g\u00e9nero ha incrementado, entonces me veo con esa responsabilidad de se\u00f1alar como podemos mejorar el servicio y m\u00e1s cuando es una atenci\u00f3n m\u00e1s directa, y con cierto tipo de problem\u00e1ticas sociales las que ellos tienen que atender. Entonces se va a mejorar la atenci\u00f3n de la Polic\u00eda Municipal&#8221;, subray\u00f3.<\/p>\n\n\n\n<p>Aunado a ello, Lissethe Mart\u00ednez, mencion\u00f3 que se encuentra gestionando con la Secretar\u00eda de Seguridad P\u00fablica, diplomados, capacitaciones y talleres de perspectiva de g\u00e9nero.<\/p>\n","protected":false},"excerpt":{"rendered":"<p>Alejandro \u00c1vila Veracruz, Ver.- Hace unos d\u00edas la regidora morenista, Lissethe Mart\u00ednez Echeverr\u00eda solicit\u00f3 en el Cabildo de Veracruz la capacitaci\u00f3n de los elementos de la Polic\u00eda Municipal a trav\u00e9s de la Oficina de Programa de Gobierno y Mejora Regulatoria. El proyecto fue aprobado por mayor\u00eda y en pr\u00f3ximos d\u00edas se iniciar\u00e1n con los talleres [&hellip;]<\/p>\n","protected":false},"author":2476,"featured_media":37668,"comment_status":"open","ping_status":"open","sticky":false,"template":"","format":"standard","meta":{"_jetpack_memberships_contains_paid_content":false,"footnotes":""},"categories":[2],"tags":[],"class_list":["post-37667","post","type-post","status-publish","format-standard","has-post-thumbnail","hentry","category-estado"],"jetpack_featured_media_url":"https:\/\/encuentroinformativo.com.mx\/wp-content\/uploads\/2023\/03\/IMG-20230307-WA0007.jpg","jetpack_sharing_enabled":true,"jetpack_likes_enabled":true,"amp_enabled":true,"_links":{"self":[{"href":"https:\/\/encuentroinformativo.com.mx\/index.php?rest_route=\/wp\/v2\/posts\/37667","targetHints":{"allow":["GET"]}}],"collection":[{"href":"https:\/\/encuentroinformativo.com.mx\/index.php?rest_route=\/wp\/v2\/posts"}],"about":[{"href":"https:\/\/encuentroinformativo.com.mx\/index.php?rest_route=\/wp\/v2\/types\/post"}],"author":[{"embeddable":true,"href":"https:\/\/encuentroinformativo.com.mx\/index.php?rest_route=\/wp\/v2\/users\/2476"}],"replies":[{"embeddable":true,"href":"https:\/\/encuentroinformativo.com.mx\/index.php?rest_route=%2Fwp%2Fv2%2Fcomments&post=37667"}],"version-history":[{"count":1,"href":"https:\/\/encuentroinformativo.com.mx\/index.php?rest_route=\/wp\/v2\/posts\/37667\/revisions"}],"predecessor-version":[{"id":37669,"href":"https:\/\/encuentroinformativo.com.mx\/index.php?rest_route=\/wp\/v2\/posts\/37667\/revisions\/37669"}],"wp:featuredmedia":[{"embeddable":true,"href":"https:\/\/encuentroinformativo.com.mx\/index.php?rest_route=\/wp\/v2\/media\/37668"}],"wp:attachment":[{"href":"https:\/\/encuentroinformativo.com.mx\/index.php?rest_route=%2Fwp%2Fv2%2Fmedia&parent=37667"}],"wp:term":[{"taxonomy":"category","embeddable":true,"href":"https:\/\/encuentroinformativo.com.mx\/index.php?rest_route=%2Fwp%2Fv2%2Fcategories&post=37667"},{"taxonomy":"post_tag","embeddable":true,"href":"https:\/\/encuentroinformativo.com.mx\/index.php?rest_route=%2Fwp%2Fv2%2Ftags&post=37667"}],"curies":[{"name":"wp","href":"https:\/\/api.w.org\/{rel}","templated":true}]}}