{"id":37678,"date":"2023-03-07T11:27:12","date_gmt":"2023-03-07T17:27:12","guid":{"rendered":"https:\/\/encuentroinformativo.com.mx\/?p=37678"},"modified":"2023-03-07T11:27:17","modified_gmt":"2023-03-07T17:27:17","slug":"se-blindan-negocios-por-marcha-8m","status":"publish","type":"post","link":"https:\/\/encuentroinformativo.com.mx\/?p=37678","title":{"rendered":"Se &#8216;blindan&#8217; negocios por marcha 8M"},"content":{"rendered":"\n<p><strong>Israel Garc\u00eda <\/strong><\/p>\n\n\n\n<p>Xalapa, Ver.- La marchas de feministas como cada a\u00f1o saldr\u00e1n a las calles de la ciudad de Xalapa y otros municipios del estado de Veracruz, este mi\u00e9rcoles 8 de marzo &#8220;D\u00eda Internacional de la Mujer&#8221;.<\/p>\n\n\n\n<p>Y es que se considera es un d\u00eda dedicado a la lucha por la igualdad, la participaci\u00f3n y el empoderamiento de la mujer en todos los \u00e1mbitos de la sociedad.<\/p>\n\n\n\n<p>Por lo que para este mi\u00e9rcoles se espera la marcha que saldra del Teatro del Estado, hasta llegar a la Plaza Lerdo<\/p>\n\n\n\n<p>Saldr\u00e1n del teatro del estado hasta plaza lerdo.<\/p>\n\n\n\n<p>Ante ello diversas instituciones bancarias y tiendas comerciales del centro de la ciudad ya toman sus previsiones y colocan triplay sobre las ventanas y puertas de sus negocios, ello ante el temor de que se pueda presentar acciones violentas c\u00f3mo ha sucedido en otras ocasiones.<\/p>\n\n\n\n<figure class=\"wp-block-image size-large\"><img loading=\"lazy\" decoding=\"async\" width=\"1024\" height=\"768\" src=\"https:\/\/encuentroinformativo.com.mx\/wp-content\/uploads\/2023\/03\/Photo_1678209540497-1024x768.jpg\" alt=\"\" class=\"wp-image-37680\" srcset=\"https:\/\/encuentroinformativo.com.mx\/wp-content\/uploads\/2023\/03\/Photo_1678209540497-1024x768.jpg 1024w, https:\/\/encuentroinformativo.com.mx\/wp-content\/uploads\/2023\/03\/Photo_1678209540497-300x225.jpg 300w, https:\/\/encuentroinformativo.com.mx\/wp-content\/uploads\/2023\/03\/Photo_1678209540497-768x576.jpg 768w, https:\/\/encuentroinformativo.com.mx\/wp-content\/uploads\/2023\/03\/Photo_1678209540497.jpg 1040w\" sizes=\"auto, (max-width: 1024px) 100vw, 1024px\" \/><\/figure>\n","protected":false},"excerpt":{"rendered":"<p>Israel Garc\u00eda Xalapa, Ver.- La marchas de feministas como cada a\u00f1o saldr\u00e1n a las calles de la ciudad de Xalapa y otros municipios del estado de Veracruz, este mi\u00e9rcoles 8 de marzo &#8220;D\u00eda Internacional de la Mujer&#8221;. Y es que se considera es un d\u00eda dedicado a la lucha por la igualdad, la participaci\u00f3n y [&hellip;]<\/p>\n","protected":false},"author":2476,"featured_media":37679,"comment_status":"open","ping_status":"open","sticky":false,"template":"","format":"standard","meta":{"_jetpack_memberships_contains_paid_content":false,"footnotes":""},"categories":[3],"tags":[],"class_list":["post-37678","post","type-post","status-publish","format-standard","has-post-thumbnail","hentry","category-xalapa"],"jetpack_featured_media_url":"https:\/\/encuentroinformativo.com.mx\/wp-content\/uploads\/2023\/03\/Photo_1678209513555.jpg","jetpack_sharing_enabled":true,"jetpack_likes_enabled":true,"amp_enabled":true,"_links":{"self":[{"href":"https:\/\/encuentroinformativo.com.mx\/index.php?rest_route=\/wp\/v2\/posts\/37678","targetHints":{"allow":["GET"]}}],"collection":[{"href":"https:\/\/encuentroinformativo.com.mx\/index.php?rest_route=\/wp\/v2\/posts"}],"about":[{"href":"https:\/\/encuentroinformativo.com.mx\/index.php?rest_route=\/wp\/v2\/types\/post"}],"author":[{"embeddable":true,"href":"https:\/\/encuentroinformativo.com.mx\/index.php?rest_route=\/wp\/v2\/users\/2476"}],"replies":[{"embeddable":true,"href":"https:\/\/encuentroinformativo.com.mx\/index.php?rest_route=%2Fwp%2Fv2%2Fcomments&post=37678"}],"version-history":[{"count":1,"href":"https:\/\/encuentroinformativo.com.mx\/index.php?rest_route=\/wp\/v2\/posts\/37678\/revisions"}],"predecessor-version":[{"id":37681,"href":"https:\/\/encuentroinformativo.com.mx\/index.php?rest_route=\/wp\/v2\/posts\/37678\/revisions\/37681"}],"wp:featuredmedia":[{"embeddable":true,"href":"https:\/\/encuentroinformativo.com.mx\/index.php?rest_route=\/wp\/v2\/media\/37679"}],"wp:attachment":[{"href":"https:\/\/encuentroinformativo.com.mx\/index.php?rest_route=%2Fwp%2Fv2%2Fmedia&parent=37678"}],"wp:term":[{"taxonomy":"category","embeddable":true,"href":"https:\/\/encuentroinformativo.com.mx\/index.php?rest_route=%2Fwp%2Fv2%2Fcategories&post=37678"},{"taxonomy":"post_tag","embeddable":true,"href":"https:\/\/encuentroinformativo.com.mx\/index.php?rest_route=%2Fwp%2Fv2%2Ftags&post=37678"}],"curies":[{"name":"wp","href":"https:\/\/api.w.org\/{rel}","templated":true}]}}