{"id":37682,"date":"2023-03-07T11:30:39","date_gmt":"2023-03-07T17:30:39","guid":{"rendered":"https:\/\/encuentroinformativo.com.mx\/?p=37682"},"modified":"2023-03-07T11:30:43","modified_gmt":"2023-03-07T17:30:43","slug":"inaugura-alcalde-jm-unanue-la-rehabilitacion-integral-de-la-unidad-deportiva-tlapamicytlan","status":"publish","type":"post","link":"https:\/\/encuentroinformativo.com.mx\/?p=37682","title":{"rendered":"Inaugura Alcalde JM Un\u00e1nue la rehabilitaci\u00f3n integral de la Unidad Deportiva Tlapamicytlan"},"content":{"rendered":"\n<p><strong>*<em>Con esta inauguraci\u00f3n ya son seis Unidades Deportivas remodeladas en los primeros 14 meses de administraci\u00f3n para que las familias puedan disfrutar de actividades al aire libre<\/em>.<\/strong><\/p>\n\n\n\n<p>Boca del R\u00edo, Ver.- Como parte del rescate de espacios p\u00fablicos, el Alcalde de Boca del R\u00edo, Juan Manuel Un\u00e1nue Abascal, entreg\u00f3 la obra de rehabilitaci\u00f3n integral de la Unidad Deportiva Tlapamicytlan ubicada en la colonia Villa Rica.<\/p>\n\n\n\n<p>Gracias a esta reactivaci\u00f3n a partir de ahora m\u00e1s de cuatro mil vecinos son beneficiados al contar con un espacio en \u00f3ptimas condiciones para chicos y grandes.<\/p>\n\n\n\n<p>\u201cMuy contentos porque a partir de hoy tendremos a j\u00f3venes practicando nataci\u00f3n, escuelita de f\u00fatbol, torneos de f\u00fatbol, clases de zumba y est\u00e1 por llegarnos un ring de boxeo que estar\u00e1 colocado junto a los juegos infantiles, vamos a seguir trabajando y est\u00e1n invitados a disfrutar de esta unidad deportiva.<\/p>\n\n\n\n<p>\u201cEsta ha sido una de las zonas m\u00e1s atendidas desde el primer a\u00f1o de gobierno, estamos por inaugurar una de las obras m\u00e1s importantes de este primer a\u00f1o de la administraci\u00f3n que es la Avenida 20, la cual incluye drenaje, agua potable, banquetas y m\u00e1s de un kil\u00f3metro de concreto hidr\u00e1ulico\u201d, resalt\u00f3 el Alcalde.<\/p>\n\n\n\n<p>En estos trabajos se recuperaron las canchas y la alberca, rehabilitando estos espacios de manera integral, lo que significa que la comunidad podr\u00e1 hacer deporte y actividades recreativas positivas, adem\u00e1s de saludables.<\/p>\n\n\n\n<p>El Presidente Municipal dijo que se construy\u00f3 la barda perimetral y once nuevas bancas en concreto, as\u00ed como la atenci\u00f3n de zonas da\u00f1adas de la grada.<\/p>\n\n\n\n<p>Un\u00e1nue Abascal apunt\u00f3 que se pintaron m\u00e1s de cuatro mil metros cuadrados que incluyen bancas, gradas, bardas, oficina, ba\u00f1os y quiosco, as\u00ed como portones de acceso, reja-cero, malla cicl\u00f3n, protecciones en puertas y ventanas, tambi\u00e9n fueron remozadas para la seguridad de todos los usuarios que asisten diariamente.<\/p>\n\n\n\n<p>Mientras que la alberca adem\u00e1s de ser atendida con pintura especial, se rehabilit\u00f3 el cuarto de bombas.<\/p>\n\n\n\n<p>Por \u00faltimo y en representaci\u00f3n de sus compa\u00f1eros, la estudiante Giromi Mora agradeci\u00f3 al Presidente Municipal por devolver el brillo la unidad deportiva \u201cTlapa\u201d, como cari\u00f1osamente la llaman.<\/p>\n\n\n\n<p>\u201cMuchas gracias al alcalde por consentirnos y convertirla en una unidad de primer nivel, obras de beneficio para todos nosotros\u201d, concluy\u00f3.<\/p>\n\n\n\n<figure class=\"wp-block-image size-large\"><img loading=\"lazy\" decoding=\"async\" width=\"1024\" height=\"683\" src=\"https:\/\/encuentroinformativo.com.mx\/wp-content\/uploads\/2023\/03\/IMG-20230307-WA0028.jpg\" alt=\"\" class=\"wp-image-37684\" srcset=\"https:\/\/encuentroinformativo.com.mx\/wp-content\/uploads\/2023\/03\/IMG-20230307-WA0028.jpg 1024w, https:\/\/encuentroinformativo.com.mx\/wp-content\/uploads\/2023\/03\/IMG-20230307-WA0028-300x200.jpg 300w, https:\/\/encuentroinformativo.com.mx\/wp-content\/uploads\/2023\/03\/IMG-20230307-WA0028-768x512.jpg 768w\" sizes=\"auto, (max-width: 1024px) 100vw, 1024px\" \/><\/figure>\n","protected":false},"excerpt":{"rendered":"<p>*Con esta inauguraci\u00f3n ya son seis Unidades Deportivas remodeladas en los primeros 14 meses de administraci\u00f3n para que las familias puedan disfrutar de actividades al aire libre. Boca del R\u00edo, Ver.- Como parte del rescate de espacios p\u00fablicos, el Alcalde de Boca del R\u00edo, Juan Manuel Un\u00e1nue Abascal, entreg\u00f3 la obra de rehabilitaci\u00f3n integral de [&hellip;]<\/p>\n","protected":false},"author":2476,"featured_media":37683,"comment_status":"open","ping_status":"open","sticky":false,"template":"","format":"standard","meta":{"_jetpack_memberships_contains_paid_content":false,"footnotes":""},"categories":[2],"tags":[],"class_list":["post-37682","post","type-post","status-publish","format-standard","has-post-thumbnail","hentry","category-estado"],"jetpack_featured_media_url":"https:\/\/encuentroinformativo.com.mx\/wp-content\/uploads\/2023\/03\/IMG-20230307-WA0026.jpg","jetpack_sharing_enabled":true,"jetpack_likes_enabled":true,"amp_enabled":true,"_links":{"self":[{"href":"https:\/\/encuentroinformativo.com.mx\/index.php?rest_route=\/wp\/v2\/posts\/37682","targetHints":{"allow":["GET"]}}],"collection":[{"href":"https:\/\/encuentroinformativo.com.mx\/index.php?rest_route=\/wp\/v2\/posts"}],"about":[{"href":"https:\/\/encuentroinformativo.com.mx\/index.php?rest_route=\/wp\/v2\/types\/post"}],"author":[{"embeddable":true,"href":"https:\/\/encuentroinformativo.com.mx\/index.php?rest_route=\/wp\/v2\/users\/2476"}],"replies":[{"embeddable":true,"href":"https:\/\/encuentroinformativo.com.mx\/index.php?rest_route=%2Fwp%2Fv2%2Fcomments&post=37682"}],"version-history":[{"count":1,"href":"https:\/\/encuentroinformativo.com.mx\/index.php?rest_route=\/wp\/v2\/posts\/37682\/revisions"}],"predecessor-version":[{"id":37685,"href":"https:\/\/encuentroinformativo.com.mx\/index.php?rest_route=\/wp\/v2\/posts\/37682\/revisions\/37685"}],"wp:featuredmedia":[{"embeddable":true,"href":"https:\/\/encuentroinformativo.com.mx\/index.php?rest_route=\/wp\/v2\/media\/37683"}],"wp:attachment":[{"href":"https:\/\/encuentroinformativo.com.mx\/index.php?rest_route=%2Fwp%2Fv2%2Fmedia&parent=37682"}],"wp:term":[{"taxonomy":"category","embeddable":true,"href":"https:\/\/encuentroinformativo.com.mx\/index.php?rest_route=%2Fwp%2Fv2%2Fcategories&post=37682"},{"taxonomy":"post_tag","embeddable":true,"href":"https:\/\/encuentroinformativo.com.mx\/index.php?rest_route=%2Fwp%2Fv2%2Ftags&post=37682"}],"curies":[{"name":"wp","href":"https:\/\/api.w.org\/{rel}","templated":true}]}}