{"id":37686,"date":"2023-03-07T12:02:56","date_gmt":"2023-03-07T18:02:56","guid":{"rendered":"https:\/\/encuentroinformativo.com.mx\/?p=37686"},"modified":"2023-03-07T12:03:00","modified_gmt":"2023-03-07T18:03:00","slug":"solicitan-al-congreso-privatizacion-de-agua-en-puente-moreno","status":"publish","type":"post","link":"https:\/\/encuentroinformativo.com.mx\/?p=37686","title":{"rendered":"Solicitan al Congreso privatizaci\u00f3n de agua en Puente Moreno"},"content":{"rendered":"\n<p><strong>Alejandro \u00c1vila<\/strong><\/p>\n\n\n\n<p>Medell\u00edn de Bravo, Ver.- Este martes fue turnado a comisiones en el Congreso de Veracruz la solicitud del Ayuntamiento de Medell\u00edn de Bravo para que se concesione el agua en los fraccionamientos Puente Moreno y Lagos de Puente Moreno a una empresa particular.<\/p>\n\n\n\n<p>Cabe mencionar que en ambos fraccionamientos la empresa propiedad de la familia Barqu\u00edn cuenta con un permiso especial por parte del Ayuntamiento para que suministre el agua a los habitantes; sin embargo, este 7 de marzo se present\u00f3 la solicitud formal de una concesi\u00f3n por parte del municipio.<\/p>\n\n\n\n<p>Ante esta situaci\u00f3n, el diputado del distrito, Magdaleno Rosales Torres asegur\u00f3 que se pronunciar\u00e1 en contra y pide al resto de los legisladores no aprobar la iniciativa.<\/p>\n\n\n\n<p>&#8220;Totalmente en contra de este dictamen que manda a las comisiones unidas de Agua y Saneamiento y la comisi\u00f3n de Hacienda Municipal, estoy totalmente en contra, voy a votar en contra, no estoy de acuerdo en las concesiones, en que se concesione el agua de Lagos de Puente Moreno y Puente Moreno, hay muchos problemas por ese tema, hay muchas experiencias de cuando se concesiona el agua a empresas particulares&#8221;, apunt\u00f3 Magdaleno Rosales.<\/p>\n\n\n\n<p>El legislador morenista recalc\u00f3 que no comparte la aprobaci\u00f3n del Cabildo de Medell\u00edn por lo que luchar\u00e1 desde el Congreso de Veracruz para evitar la aprobaci\u00f3n de la concesi\u00f3n.<\/p>\n\n\n\n<p>&#8220;De hecho ya van a empezar las protestas, la gente ya empez\u00f3 a hablarme, del municipio, va a haber movimiento en el municipio por ese tema, no estoy de acuerdo, voy a votar en contra, si llegase a pasar el dictamen a favor, voy a votar en contra porque no estoy de acuerdo en que se le entrega a la familia Barquin esa concesi\u00f3n. Ha habido muchos problemas en Puente Moreno, ha habido cortes injustificados, han dejado a adultos mayores sin agua, han cortado el 100 por ciento de agua, no han dejado ni el 30 por ciento m\u00ednimo de lo que la Ley de Derechos Humanos le permite, no han respetado eso, hay cobros excesivos, el agua sale sucia, han ido a cortar con elementos de polic\u00eda municipales, cortes forzosos en Puente Moreno&#8221;, agreg\u00f3.<\/p>\n\n\n\n<p>Finalmente, el diputado local exhort\u00f3 al resto de sus compa\u00f1eros en el Congreso de Veracruz para que no apruebe la concesi\u00f3n a la Urbanizadora Medell\u00edn S.A. de C.V.<\/p>\n","protected":false},"excerpt":{"rendered":"<p>Alejandro \u00c1vila Medell\u00edn de Bravo, Ver.- Este martes fue turnado a comisiones en el Congreso de Veracruz la solicitud del Ayuntamiento de Medell\u00edn de Bravo para que se concesione el agua en los fraccionamientos Puente Moreno y Lagos de Puente Moreno a una empresa particular. Cabe mencionar que en ambos fraccionamientos la empresa propiedad de [&hellip;]<\/p>\n","protected":false},"author":2476,"featured_media":37687,"comment_status":"open","ping_status":"open","sticky":false,"template":"","format":"standard","meta":{"_jetpack_memberships_contains_paid_content":false,"footnotes":""},"categories":[2],"tags":[],"class_list":["post-37686","post","type-post","status-publish","format-standard","has-post-thumbnail","hentry","category-estado"],"jetpack_featured_media_url":"https:\/\/encuentroinformativo.com.mx\/wp-content\/uploads\/2023\/03\/IMG-20230307-WA0046.jpg","jetpack_sharing_enabled":true,"jetpack_likes_enabled":true,"amp_enabled":true,"_links":{"self":[{"href":"https:\/\/encuentroinformativo.com.mx\/index.php?rest_route=\/wp\/v2\/posts\/37686","targetHints":{"allow":["GET"]}}],"collection":[{"href":"https:\/\/encuentroinformativo.com.mx\/index.php?rest_route=\/wp\/v2\/posts"}],"about":[{"href":"https:\/\/encuentroinformativo.com.mx\/index.php?rest_route=\/wp\/v2\/types\/post"}],"author":[{"embeddable":true,"href":"https:\/\/encuentroinformativo.com.mx\/index.php?rest_route=\/wp\/v2\/users\/2476"}],"replies":[{"embeddable":true,"href":"https:\/\/encuentroinformativo.com.mx\/index.php?rest_route=%2Fwp%2Fv2%2Fcomments&post=37686"}],"version-history":[{"count":1,"href":"https:\/\/encuentroinformativo.com.mx\/index.php?rest_route=\/wp\/v2\/posts\/37686\/revisions"}],"predecessor-version":[{"id":37688,"href":"https:\/\/encuentroinformativo.com.mx\/index.php?rest_route=\/wp\/v2\/posts\/37686\/revisions\/37688"}],"wp:featuredmedia":[{"embeddable":true,"href":"https:\/\/encuentroinformativo.com.mx\/index.php?rest_route=\/wp\/v2\/media\/37687"}],"wp:attachment":[{"href":"https:\/\/encuentroinformativo.com.mx\/index.php?rest_route=%2Fwp%2Fv2%2Fmedia&parent=37686"}],"wp:term":[{"taxonomy":"category","embeddable":true,"href":"https:\/\/encuentroinformativo.com.mx\/index.php?rest_route=%2Fwp%2Fv2%2Fcategories&post=37686"},{"taxonomy":"post_tag","embeddable":true,"href":"https:\/\/encuentroinformativo.com.mx\/index.php?rest_route=%2Fwp%2Fv2%2Ftags&post=37686"}],"curies":[{"name":"wp","href":"https:\/\/api.w.org\/{rel}","templated":true}]}}