{"id":37692,"date":"2023-03-07T12:58:03","date_gmt":"2023-03-07T18:58:03","guid":{"rendered":"https:\/\/encuentroinformativo.com.mx\/?p=37692"},"modified":"2023-03-07T12:58:08","modified_gmt":"2023-03-07T18:58:08","slug":"realizaran-feria-cultural-comercial-en-xalapa","status":"publish","type":"post","link":"https:\/\/encuentroinformativo.com.mx\/?p=37692","title":{"rendered":"Realizar\u00e1n Feria Cultural Comercial en Xalapa"},"content":{"rendered":"\n<p><strong>Juan Arcos <\/strong><\/p>\n\n\n\n<p>Xalapa, Ver.- Este martes fue anunciada la primera edici\u00f3n de la Feria Cultural Comercial de Xalapa (FECC), una iniciativa que surge en el sector privado, la academia y la sociedad civil organizada.<\/p>\n\n\n\n<p>Durante los pr\u00f3ximos d\u00edas 24, 25 y 26 de marzo se realizar\u00e1n eventos culturales y comerciales a trav\u00e9s de una cartelera regional, en distintas sedes de esta ciudad de Xalapa, con el objetivo de promover el turismo y generar derrama econ\u00f3mica en la capital del estado.<\/p>\n\n\n\n<p>De acuerdo con Le\u00f3n Alfonso Colorado Hern\u00e1ndez, director de Difusi\u00f3n Cultural de la Universidad Veracruzana (UV), se trata de una iniciativa para promover a la ciudad de Xalapa como un destino cultural y como un referente comercial internacional.<\/p>\n\n\n\n<p>En conferencia de prensa, indic\u00f3 que tambi\u00e9n se busca posicionar a la zona metropolitana de Xalapa como una regi\u00f3n con vocaci\u00f3n cultural, creativa y gastron\u00f3mica de clase mundial y el desarrollo de productos de turismo cultural y musical de nivel internacional.<\/p>\n\n\n\n<p>\u201cEs una serie de eventos, que son un verdadero acontecimiento porque unen latradici\u00f3n cultural, art\u00edstica, comercial de Xalapa. Se est\u00e1n uniendo m\u00e1s tradiciones que han de hecho de esta ciudad lo que es\u201d, enfatiz\u00f3.<\/p>\n\n\n\n<p>Por su parte, el empresario Manuel Cienfuegos Garc\u00eda se\u00f1al\u00f3 que el programa cultural tambi\u00e9n contempla actividades cat\u00f3licas.<\/p>\n\n\n\n<p>\u201cEs una iniciativa para la ciudad. Ya sabemos que todo lo que tiene que ver con el arte y la cultural tiene un contenido important\u00edsimo medi\u00e1tico\u201d, enfatiz\u00f3.<\/p>\n\n\n\n<p>Algunos de los principales eventos de la FECC 2023 ser\u00e1n:<\/p>\n\n\n\n<p>El viernes 24 de marzo en punto de las 18:00 horas la Universidad An\u00e1huac Xalapa presenta la conferencia magistral \u201cSan Rafael Gu\u00edzar, Digno del Nombre de Pastor\u201d impartida por el padre Rafael Gonz\u00e1lez.<\/p>\n\n\n\n<p>A las 19:30 horas el foro CAUZ recibe a Coyolicatzin, cantautora Oaxaque\u00f1a que nos presenta \u201cLa metamorfosis de Biulu\u201d; a las 20:30 horas se presenta la Orquesta Sinf\u00f3nica de Xalapa en la Sala Tlaqn\u00e1 con su \u201cConcierto para el Festival UV del Mar\u201d, con piezas de Debussy, Keiko Abe y Beethoven.<\/p>\n\n\n\n<p>El s\u00e1bado 25 de marzo a partir de las 10:00 horas el Museo Finca Roma de Caf\u00e9 Bola de Oro presenta una muestra del pintor Manuel Zardain; a las 18:00 horas Merkatua presenta su \u201cRecorrido Nocturno al Museo de Antropolog\u00eda con Cena Maridaje\u201d con un acompa\u00f1amiento del Tr\u00edo de la Orquesta Real de Xalapa.<\/p>\n\n\n\n<p>A las 19:00 horas la Facultad de M\u00fasica de la UV y Fundaci\u00f3n UV presentan su \u201cGala Oper\u00edstica\u201d que consta de doce piezas musicales en la Sala Anexa Tlaqn\u00e1; en punto de las 20:30 horas Casa Bonilla presenta su \u201cVelada Coatepecana\u201d, una experiencia que incluye cena, buenos vinos y al emblem\u00e1tico grupo Sonex.<\/p>\n\n\n\n<p>El domingo 26 de marzo en punto de las 14:00 horas, Asadero Cien estrena su nueva sucursal Murillo Vidal con una muestra gastron\u00f3mica engalanada por la Persi Vignola Band. La cartelera completa se har\u00e1 p\u00fablica el d\u00eda 7 de marzo a trav\u00e9s de las redes sociales de los participantes y otros medios masivos.<\/p>\n\n\n\n<p>La feria es una iniciativa de la Orquesta Sinf\u00f3nica de Xalapa, Fundaci\u00f3n UV, Facultad de M\u00fasica UV, Universidad An\u00e1huac Veracruz (Campus Xalapa) y Grupo Asadero Cien, por mencionar algunos.<\/p>\n","protected":false},"excerpt":{"rendered":"<p>Juan Arcos Xalapa, Ver.- Este martes fue anunciada la primera edici\u00f3n de la Feria Cultural Comercial de Xalapa (FECC), una iniciativa que surge en el sector privado, la academia y la sociedad civil organizada. Durante los pr\u00f3ximos d\u00edas 24, 25 y 26 de marzo se realizar\u00e1n eventos culturales y comerciales a trav\u00e9s de una cartelera [&hellip;]<\/p>\n","protected":false},"author":2476,"featured_media":37693,"comment_status":"open","ping_status":"open","sticky":false,"template":"","format":"standard","meta":{"_jetpack_memberships_contains_paid_content":false,"footnotes":""},"categories":[3],"tags":[],"class_list":["post-37692","post","type-post","status-publish","format-standard","has-post-thumbnail","hentry","category-xalapa"],"jetpack_featured_media_url":"https:\/\/encuentroinformativo.com.mx\/wp-content\/uploads\/2023\/03\/IMG_5490.jpg","jetpack_sharing_enabled":true,"jetpack_likes_enabled":true,"amp_enabled":true,"_links":{"self":[{"href":"https:\/\/encuentroinformativo.com.mx\/index.php?rest_route=\/wp\/v2\/posts\/37692","targetHints":{"allow":["GET"]}}],"collection":[{"href":"https:\/\/encuentroinformativo.com.mx\/index.php?rest_route=\/wp\/v2\/posts"}],"about":[{"href":"https:\/\/encuentroinformativo.com.mx\/index.php?rest_route=\/wp\/v2\/types\/post"}],"author":[{"embeddable":true,"href":"https:\/\/encuentroinformativo.com.mx\/index.php?rest_route=\/wp\/v2\/users\/2476"}],"replies":[{"embeddable":true,"href":"https:\/\/encuentroinformativo.com.mx\/index.php?rest_route=%2Fwp%2Fv2%2Fcomments&post=37692"}],"version-history":[{"count":1,"href":"https:\/\/encuentroinformativo.com.mx\/index.php?rest_route=\/wp\/v2\/posts\/37692\/revisions"}],"predecessor-version":[{"id":37694,"href":"https:\/\/encuentroinformativo.com.mx\/index.php?rest_route=\/wp\/v2\/posts\/37692\/revisions\/37694"}],"wp:featuredmedia":[{"embeddable":true,"href":"https:\/\/encuentroinformativo.com.mx\/index.php?rest_route=\/wp\/v2\/media\/37693"}],"wp:attachment":[{"href":"https:\/\/encuentroinformativo.com.mx\/index.php?rest_route=%2Fwp%2Fv2%2Fmedia&parent=37692"}],"wp:term":[{"taxonomy":"category","embeddable":true,"href":"https:\/\/encuentroinformativo.com.mx\/index.php?rest_route=%2Fwp%2Fv2%2Fcategories&post=37692"},{"taxonomy":"post_tag","embeddable":true,"href":"https:\/\/encuentroinformativo.com.mx\/index.php?rest_route=%2Fwp%2Fv2%2Ftags&post=37692"}],"curies":[{"name":"wp","href":"https:\/\/api.w.org\/{rel}","templated":true}]}}