{"id":37695,"date":"2023-03-07T13:10:01","date_gmt":"2023-03-07T19:10:01","guid":{"rendered":"https:\/\/encuentroinformativo.com.mx\/?p=37695"},"modified":"2023-03-07T13:10:05","modified_gmt":"2023-03-07T19:10:05","slug":"celebra-pt-cambios-en-el-ine-con-el-plan-b","status":"publish","type":"post","link":"https:\/\/encuentroinformativo.com.mx\/?p=37695","title":{"rendered":"Celebra PT cambios en el INE con el &#8220;Plan B&#8221;"},"content":{"rendered":"\n<p><strong>Israel Garc\u00eda <\/strong><\/p>\n\n\n\n<p>Xalapa, Ver.- En conferencia de los martes el Dirigente Estatal del Partido del Trabajo (PT), Vicente Aguilar Aguilar,  inform\u00f3 que como parte de la transformaci\u00f3n de la 4T de la alianza Juntos Haremos historia ratifica su apoyo al pueblo quien est\u00e1 siendo beneficiado, con las renuncias del personal impuestos por el a\u00fan presidente del (INE) Lorenzo C\u00f3rdoba, el plan B de la Reforma\u00a0 Electoral, ser\u00e1 un gran ahorro del erario p\u00fablico.<\/p>\n\n\n\n<p>En el ambito estatal dijo que nuevamente en el Estado se padecen acciones criminales que cobran vidas, como el caso de Tezonapa, y las autoridades responsables debe investigar los hechos, cu\u00e1les fueron las causas de tal delito.<\/p>\n\n\n\n<p>Explic\u00f3 de la cuenta p\u00fablica 2022, exige el PT a la titular del Orfis, que se pongan las pilas para que, el primer a\u00f1o de austeridad a los ayuntamientos actuales imponga la Ley, a todos aquellos que los ameriten.<\/p>\n\n\n\n<p>Por \u00faltimo Aguilar Aguilar felicitan a todas las mujeres, en el Partido del Trabajo manifiesta su total apoyo al sector femenino para que se incorporen a las filas del partido del trabajo.<\/p>\n","protected":false},"excerpt":{"rendered":"<p>Israel Garc\u00eda Xalapa, Ver.- En conferencia de los martes el Dirigente Estatal del Partido del Trabajo (PT), Vicente Aguilar Aguilar, inform\u00f3 que como parte de la transformaci\u00f3n de la 4T de la alianza Juntos Haremos historia ratifica su apoyo al pueblo quien est\u00e1 siendo beneficiado, con las renuncias del personal impuestos por el a\u00fan presidente [&hellip;]<\/p>\n","protected":false},"author":2476,"featured_media":37696,"comment_status":"open","ping_status":"open","sticky":false,"template":"","format":"standard","meta":{"_jetpack_memberships_contains_paid_content":false,"footnotes":""},"categories":[2],"tags":[],"class_list":["post-37695","post","type-post","status-publish","format-standard","has-post-thumbnail","hentry","category-estado"],"jetpack_featured_media_url":"https:\/\/encuentroinformativo.com.mx\/wp-content\/uploads\/2023\/03\/Photo_1678215687835.jpg","jetpack_sharing_enabled":true,"jetpack_likes_enabled":true,"amp_enabled":true,"_links":{"self":[{"href":"https:\/\/encuentroinformativo.com.mx\/index.php?rest_route=\/wp\/v2\/posts\/37695","targetHints":{"allow":["GET"]}}],"collection":[{"href":"https:\/\/encuentroinformativo.com.mx\/index.php?rest_route=\/wp\/v2\/posts"}],"about":[{"href":"https:\/\/encuentroinformativo.com.mx\/index.php?rest_route=\/wp\/v2\/types\/post"}],"author":[{"embeddable":true,"href":"https:\/\/encuentroinformativo.com.mx\/index.php?rest_route=\/wp\/v2\/users\/2476"}],"replies":[{"embeddable":true,"href":"https:\/\/encuentroinformativo.com.mx\/index.php?rest_route=%2Fwp%2Fv2%2Fcomments&post=37695"}],"version-history":[{"count":1,"href":"https:\/\/encuentroinformativo.com.mx\/index.php?rest_route=\/wp\/v2\/posts\/37695\/revisions"}],"predecessor-version":[{"id":37697,"href":"https:\/\/encuentroinformativo.com.mx\/index.php?rest_route=\/wp\/v2\/posts\/37695\/revisions\/37697"}],"wp:featuredmedia":[{"embeddable":true,"href":"https:\/\/encuentroinformativo.com.mx\/index.php?rest_route=\/wp\/v2\/media\/37696"}],"wp:attachment":[{"href":"https:\/\/encuentroinformativo.com.mx\/index.php?rest_route=%2Fwp%2Fv2%2Fmedia&parent=37695"}],"wp:term":[{"taxonomy":"category","embeddable":true,"href":"https:\/\/encuentroinformativo.com.mx\/index.php?rest_route=%2Fwp%2Fv2%2Fcategories&post=37695"},{"taxonomy":"post_tag","embeddable":true,"href":"https:\/\/encuentroinformativo.com.mx\/index.php?rest_route=%2Fwp%2Fv2%2Ftags&post=37695"}],"curies":[{"name":"wp","href":"https:\/\/api.w.org\/{rel}","templated":true}]}}