{"id":37707,"date":"2023-03-07T13:40:05","date_gmt":"2023-03-07T19:40:05","guid":{"rendered":"https:\/\/encuentroinformativo.com.mx\/?p=37707"},"modified":"2023-03-07T20:52:06","modified_gmt":"2023-03-08T02:52:06","slug":"por-ahora-se-descarta-subsecretario-de-finanzas-para-buscar-cargo-de-eleccion","status":"publish","type":"post","link":"https:\/\/encuentroinformativo.com.mx\/?p=37707","title":{"rendered":"\u00bfPor ahora?, se descarta subsecretario de Finanzas para buscar cargo de elecci\u00f3n"},"content":{"rendered":"\n<p><strong>Dar\u00edo Pale <\/strong><\/p>\n\n\n\n<p>Xalapa, Ver.- Para el pr\u00f3ximo proceso electoral &#8220;a m\u00ed denme por muerto&#8221; as\u00ed lo solicit\u00f3 el subsecretario de Administraci\u00f3n y Finanzas de la Sefiplan, Eleazar Guerrero P\u00e9rez.<\/p>\n\n\n\n<p>En entrevista se\u00f1al\u00f3 que, &#8220;para m\u00ed eso es un halago (que lo propongan), a mi denme por muerto en esos tem\u00e1ticas, yo trabajo \u00fanicamente por convicci\u00f3n&#8221;.<\/p>\n\n\n\n<p>Aclar\u00f3 que la organizaci\u00f3n Unidos Todos, que preside, es un movimiento no una asociaci\u00f3n pol\u00edtica ni un partido, es un concepto que naci\u00f3 de una expresi\u00f3n ciudadana que naci\u00f3 en 2016, cuando Andr\u00e9s Manuel L\u00f3pez Obrador convoc\u00f3 al pueblo a unirse y poder quitar al gobierno corrupto.<\/p>\n\n\n\n<p>En relaci\u00f3n a la marcha del pr\u00f3ximo 18 de marzo en el z\u00f3calo de la Ciudad de M\u00e9xico, dijo que no obligan a los trabajadores del Estado a acudir, y que debido a que no son una organizaci\u00f3n pol\u00edtica, todos los que quieren ir se organizan, hacen &#8220;cooperacha&#8221; como siempre y participan.<br>Estim\u00f3 que acudir\u00e1n miles de veracruzanos a esa marcha, pero neg\u00f3 que haya contratado camiones para el acarreo.<\/p>\n\n\n\n<p>Por otra parte, respecto del video donde presuntamente el titular del Instituto Veracruzano de la Vivienda, Hazael Flores Castro, acept\u00f3 que el operador pol\u00edtico que ya realiza proselitismo al interior de la administraci\u00f3n estatal es el subsecretario de Finanzas, Eleazar Guerrero P\u00e9rez; dijo que le daba risa.<\/p>\n\n\n\n<p>Finalmente en el audio se escucha a Hazael Flores menospreciar al secretario de Gobierno, Eric Cisneros y llamarlo por su apodo, ah\u00ed se oye que el operador pol\u00edtico en Veracruz es Eleazar Guerrero, con el visto bueno del Gobernador.<\/p>\n","protected":false},"excerpt":{"rendered":"<p>Dar\u00edo Pale Xalapa, Ver.- Para el pr\u00f3ximo proceso electoral &#8220;a m\u00ed denme por muerto&#8221; as\u00ed lo solicit\u00f3 el subsecretario de Administraci\u00f3n y Finanzas de la Sefiplan, Eleazar Guerrero P\u00e9rez. En entrevista se\u00f1al\u00f3 que, &#8220;para m\u00ed eso es un halago (que lo propongan), a mi denme por muerto en esos tem\u00e1ticas, yo trabajo \u00fanicamente por convicci\u00f3n&#8221;. [&hellip;]<\/p>\n","protected":false},"author":2476,"featured_media":37708,"comment_status":"open","ping_status":"open","sticky":false,"template":"","format":"standard","meta":{"_jetpack_memberships_contains_paid_content":false,"footnotes":""},"categories":[2],"tags":[],"class_list":["post-37707","post","type-post","status-publish","format-standard","has-post-thumbnail","hentry","category-estado"],"jetpack_featured_media_url":"https:\/\/encuentroinformativo.com.mx\/wp-content\/uploads\/2023\/03\/IMG-20230307-WA01062.jpg","jetpack_sharing_enabled":true,"jetpack_likes_enabled":true,"amp_enabled":true,"_links":{"self":[{"href":"https:\/\/encuentroinformativo.com.mx\/index.php?rest_route=\/wp\/v2\/posts\/37707","targetHints":{"allow":["GET"]}}],"collection":[{"href":"https:\/\/encuentroinformativo.com.mx\/index.php?rest_route=\/wp\/v2\/posts"}],"about":[{"href":"https:\/\/encuentroinformativo.com.mx\/index.php?rest_route=\/wp\/v2\/types\/post"}],"author":[{"embeddable":true,"href":"https:\/\/encuentroinformativo.com.mx\/index.php?rest_route=\/wp\/v2\/users\/2476"}],"replies":[{"embeddable":true,"href":"https:\/\/encuentroinformativo.com.mx\/index.php?rest_route=%2Fwp%2Fv2%2Fcomments&post=37707"}],"version-history":[{"count":1,"href":"https:\/\/encuentroinformativo.com.mx\/index.php?rest_route=\/wp\/v2\/posts\/37707\/revisions"}],"predecessor-version":[{"id":37709,"href":"https:\/\/encuentroinformativo.com.mx\/index.php?rest_route=\/wp\/v2\/posts\/37707\/revisions\/37709"}],"wp:featuredmedia":[{"embeddable":true,"href":"https:\/\/encuentroinformativo.com.mx\/index.php?rest_route=\/wp\/v2\/media\/37708"}],"wp:attachment":[{"href":"https:\/\/encuentroinformativo.com.mx\/index.php?rest_route=%2Fwp%2Fv2%2Fmedia&parent=37707"}],"wp:term":[{"taxonomy":"category","embeddable":true,"href":"https:\/\/encuentroinformativo.com.mx\/index.php?rest_route=%2Fwp%2Fv2%2Fcategories&post=37707"},{"taxonomy":"post_tag","embeddable":true,"href":"https:\/\/encuentroinformativo.com.mx\/index.php?rest_route=%2Fwp%2Fv2%2Ftags&post=37707"}],"curies":[{"name":"wp","href":"https:\/\/api.w.org\/{rel}","templated":true}]}}