{"id":37713,"date":"2023-03-08T08:40:24","date_gmt":"2023-03-08T14:40:24","guid":{"rendered":"https:\/\/encuentroinformativo.com.mx\/?p=37713"},"modified":"2023-03-08T00:44:13","modified_gmt":"2023-03-08T06:44:13","slug":"celebran-aniversario-de-el-colegio-de-hidalgo","status":"publish","type":"post","link":"https:\/\/encuentroinformativo.com.mx\/?p=37713","title":{"rendered":"Celebran aniversario de El Colegio de Hidalgo"},"content":{"rendered":"\n<p>Pachuca, Hidalgo.- El Colegio de Veracruz (COLVER), acompa\u00f1\u00f3 a la Colegio del Estado de Hidalgo en la celebraci\u00f3n de sus 18 a\u00f1os e instalaci\u00f3n de la C\u00e1tedra de Estudios Regionales &#8220;Dr. Carlos Mart\u00ednez Assad&#8221;.<\/p>\n\n\n\n<p>La celebraci\u00f3n se realiz\u00f3 en Pachuca de Soto, Hidalgo, con la presencia de El Colegio de Puebla AC y Coltlax &#8211; El Colegio de Tlaxcala, A.C., en compa\u00f1\u00eda del gobernador de Hidalgo, Julio Menchaca.<\/p>\n\n\n\n<figure class=\"wp-block-image size-large\"><img loading=\"lazy\" decoding=\"async\" width=\"1024\" height=\"675\" src=\"https:\/\/encuentroinformativo.com.mx\/wp-content\/uploads\/2023\/03\/IMG-20230307-WA01342-1024x675.jpg\" alt=\"\" class=\"wp-image-37715\" srcset=\"https:\/\/encuentroinformativo.com.mx\/wp-content\/uploads\/2023\/03\/IMG-20230307-WA01342-1024x675.jpg 1024w, https:\/\/encuentroinformativo.com.mx\/wp-content\/uploads\/2023\/03\/IMG-20230307-WA01342-300x198.jpg 300w, https:\/\/encuentroinformativo.com.mx\/wp-content\/uploads\/2023\/03\/IMG-20230307-WA01342-768x506.jpg 768w, https:\/\/encuentroinformativo.com.mx\/wp-content\/uploads\/2023\/03\/IMG-20230307-WA01342-1536x1013.jpg 1536w, https:\/\/encuentroinformativo.com.mx\/wp-content\/uploads\/2023\/03\/IMG-20230307-WA01342.jpg 1600w\" sizes=\"auto, (max-width: 1024px) 100vw, 1024px\" \/><\/figure>\n","protected":false},"excerpt":{"rendered":"<p>Pachuca, Hidalgo.- El Colegio de Veracruz (COLVER), acompa\u00f1\u00f3 a la Colegio del Estado de Hidalgo en la celebraci\u00f3n de sus 18 a\u00f1os e instalaci\u00f3n de la C\u00e1tedra de Estudios Regionales &#8220;Dr. Carlos Mart\u00ednez Assad&#8221;. La celebraci\u00f3n se realiz\u00f3 en Pachuca de Soto, Hidalgo, con la presencia de El Colegio de Puebla AC y Coltlax &#8211; [&hellip;]<\/p>\n","protected":false},"author":2476,"featured_media":37714,"comment_status":"open","ping_status":"open","sticky":false,"template":"","format":"standard","meta":{"_jetpack_memberships_contains_paid_content":false,"footnotes":""},"categories":[12],"tags":[],"class_list":["post-37713","post","type-post","status-publish","format-standard","has-post-thumbnail","hentry","category-nacional"],"jetpack_featured_media_url":"https:\/\/encuentroinformativo.com.mx\/wp-content\/uploads\/2023\/03\/IMG-20230307-WA0133.jpg","jetpack_sharing_enabled":true,"jetpack_likes_enabled":true,"amp_enabled":true,"_links":{"self":[{"href":"https:\/\/encuentroinformativo.com.mx\/index.php?rest_route=\/wp\/v2\/posts\/37713","targetHints":{"allow":["GET"]}}],"collection":[{"href":"https:\/\/encuentroinformativo.com.mx\/index.php?rest_route=\/wp\/v2\/posts"}],"about":[{"href":"https:\/\/encuentroinformativo.com.mx\/index.php?rest_route=\/wp\/v2\/types\/post"}],"author":[{"embeddable":true,"href":"https:\/\/encuentroinformativo.com.mx\/index.php?rest_route=\/wp\/v2\/users\/2476"}],"replies":[{"embeddable":true,"href":"https:\/\/encuentroinformativo.com.mx\/index.php?rest_route=%2Fwp%2Fv2%2Fcomments&post=37713"}],"version-history":[{"count":1,"href":"https:\/\/encuentroinformativo.com.mx\/index.php?rest_route=\/wp\/v2\/posts\/37713\/revisions"}],"predecessor-version":[{"id":37716,"href":"https:\/\/encuentroinformativo.com.mx\/index.php?rest_route=\/wp\/v2\/posts\/37713\/revisions\/37716"}],"wp:featuredmedia":[{"embeddable":true,"href":"https:\/\/encuentroinformativo.com.mx\/index.php?rest_route=\/wp\/v2\/media\/37714"}],"wp:attachment":[{"href":"https:\/\/encuentroinformativo.com.mx\/index.php?rest_route=%2Fwp%2Fv2%2Fmedia&parent=37713"}],"wp:term":[{"taxonomy":"category","embeddable":true,"href":"https:\/\/encuentroinformativo.com.mx\/index.php?rest_route=%2Fwp%2Fv2%2Fcategories&post=37713"},{"taxonomy":"post_tag","embeddable":true,"href":"https:\/\/encuentroinformativo.com.mx\/index.php?rest_route=%2Fwp%2Fv2%2Ftags&post=37713"}],"curies":[{"name":"wp","href":"https:\/\/api.w.org\/{rel}","templated":true}]}}