{"id":37717,"date":"2023-03-08T09:09:24","date_gmt":"2023-03-08T15:09:24","guid":{"rendered":"https:\/\/encuentroinformativo.com.mx\/?p=37717"},"modified":"2023-03-08T09:09:28","modified_gmt":"2023-03-08T15:09:28","slug":"un-8m-polarizado","status":"publish","type":"post","link":"https:\/\/encuentroinformativo.com.mx\/?p=37717","title":{"rendered":"UN 8M POLARIZADO"},"content":{"rendered":"\n<p><strong>N\u00fameros Rojos\u00a0<\/strong><\/p>\n\n\n\n<p><strong>Brenda Caballero\u00a0<\/strong><\/p>\n\n\n\n<p>Hombres y Mujeres por favor\u2026 Hoy no celebren, no feliciten a las mujeres por ser mujeres, no sean po\u00e9ticos, no nos regalen flores o nos den abrazos, eso lo pueden dejar para cualquier otro d\u00eda que no sea 8 de Marzo, D\u00eda Internacional de la Mujer.<\/p>\n\n\n\n<p>Hoy m\u00e1s que nunca, en medio de un pa\u00eds polarizado, las mujeres necesitamos seguir alzando la voz, luchar por nuestros derechos y empoderarnos con sororidad.<\/p>\n\n\n\n<p>Hoy, la polarizaci\u00f3n en nuestro pa\u00eds ha hecho que muchas mujeres olviden la sororidad y defiendan principalmente a sus partidos pol\u00edticos (porque las pusieron all\u00ed, simplemente para cubrir la cuota de g\u00e9nero) que arremetan con conductas patriarcales hacia otras mujeres. En las mismas C\u00e1maras legislativas, diputadas insultan a otras mujeres, las violentan y repiten patrones machistas. En el peor de los casos, la sororidad se perdi\u00f3 en esos Congresos que lucharon por \u201cla paridad en todo\u201d, donde muchas legisladoras al ver a la compa\u00f1era violentada, se voltean para otro lado y hacen como que no vieron ni escucharon nada. La omisi\u00f3n tambi\u00e9n es violencia.&nbsp;<\/p>\n\n\n\n<p>Actualmente, las descalificaciones entre mujeres est\u00e1n a la orden del d\u00eda. La causa feminista se ha olvidado. Los insultos y agresiones surgen f\u00e1cilmente simplemente porque se est\u00e1 en campa\u00f1a o porque se tiene que defender la chuleta. \u00bfD\u00f3nde queda la lucha de las mujeres que perdieron la vida a trav\u00e9s de los a\u00f1os para que hoy, ellas accedieran a los \u201cpuestos de poder\u201d que ahora ejercen?<\/p>\n\n\n\n<p>Seguramente m\u00e1s de alg\u00fan gobernante en el pa\u00eds se parar\u00e1 el cuello mostrando la paridad en sus gabinetes; celebrar\u00e1 actos con sus funcionarias, diputadas, invitadas especiales, mismas mujeres que para estar cerca del poder, han callado ante el incremento de feminicidios, la trata y desapariciones de mujeres, as\u00ed como las violaciones a los derechos humanos de muchas de sus subordinadas que son violentadas y acosadas en sus mismos puestos de trabajo de esas dependencias donde son titulares. La misma violencia institucional que se refleja en dependencias, instituciones y organismos que tratan de callar a las mismas mujeres que sufren violencia para que sus denuncias dejen de ser cifras y manchen las estad\u00edsticas del Estado.&nbsp;<\/p>\n\n\n\n<p>\u00a1Pero hay esperanza! \u00a1Y mucha para la causa feminista! Porque hoy saldr\u00e1n millones de mujeres en todo el mundo a marchar por las calles, a exigir igualdad de derechos as\u00ed como a vivir una vida libre de violencia. Hoy 8 de marzo alcemos la voz, por las que no est\u00e1n, por las asesinadas, por las violentadas, por las acosadas, por las desaparecidas. No dejemos que ninguna valla nos quite nuestros derechos.&nbsp;<\/p>\n\n\n\n<p>Manifi\u00e9state como puedas, \u00a1pero hazlo!<\/p>\n\n\n\n<p>@NumerosRojos_BC<\/p>\n\n\n\n<p><a href=\"mailto:caballero_brenda@hotmail.com\" target=\"_blank\" rel=\"noreferrer noopener\">caballero_brenda@hotmail.com<\/a><\/p>\n","protected":false},"excerpt":{"rendered":"<p>N\u00fameros Rojos\u00a0 Brenda Caballero\u00a0 Hombres y Mujeres por favor\u2026 Hoy no celebren, no feliciten a las mujeres por ser mujeres, no sean po\u00e9ticos, no nos regalen flores o nos den abrazos, eso lo pueden dejar para cualquier otro d\u00eda que no sea 8 de Marzo, D\u00eda Internacional de la Mujer. Hoy m\u00e1s que nunca, en [&hellip;]<\/p>\n","protected":false},"author":2476,"featured_media":387,"comment_status":"open","ping_status":"open","sticky":false,"template":"","format":"standard","meta":{"_jetpack_memberships_contains_paid_content":false,"footnotes":""},"categories":[11],"tags":[],"class_list":["post-37717","post","type-post","status-publish","format-standard","has-post-thumbnail","hentry","category-opinion"],"jetpack_featured_media_url":"https:\/\/encuentroinformativo.com.mx\/wp-content\/uploads\/2020\/03\/7CF8A22B-2764-47BE-8F7F-38FE9E5D6A2F.jpeg","jetpack_sharing_enabled":true,"jetpack_likes_enabled":true,"amp_enabled":true,"_links":{"self":[{"href":"https:\/\/encuentroinformativo.com.mx\/index.php?rest_route=\/wp\/v2\/posts\/37717","targetHints":{"allow":["GET"]}}],"collection":[{"href":"https:\/\/encuentroinformativo.com.mx\/index.php?rest_route=\/wp\/v2\/posts"}],"about":[{"href":"https:\/\/encuentroinformativo.com.mx\/index.php?rest_route=\/wp\/v2\/types\/post"}],"author":[{"embeddable":true,"href":"https:\/\/encuentroinformativo.com.mx\/index.php?rest_route=\/wp\/v2\/users\/2476"}],"replies":[{"embeddable":true,"href":"https:\/\/encuentroinformativo.com.mx\/index.php?rest_route=%2Fwp%2Fv2%2Fcomments&post=37717"}],"version-history":[{"count":1,"href":"https:\/\/encuentroinformativo.com.mx\/index.php?rest_route=\/wp\/v2\/posts\/37717\/revisions"}],"predecessor-version":[{"id":37718,"href":"https:\/\/encuentroinformativo.com.mx\/index.php?rest_route=\/wp\/v2\/posts\/37717\/revisions\/37718"}],"wp:featuredmedia":[{"embeddable":true,"href":"https:\/\/encuentroinformativo.com.mx\/index.php?rest_route=\/wp\/v2\/media\/387"}],"wp:attachment":[{"href":"https:\/\/encuentroinformativo.com.mx\/index.php?rest_route=%2Fwp%2Fv2%2Fmedia&parent=37717"}],"wp:term":[{"taxonomy":"category","embeddable":true,"href":"https:\/\/encuentroinformativo.com.mx\/index.php?rest_route=%2Fwp%2Fv2%2Fcategories&post=37717"},{"taxonomy":"post_tag","embeddable":true,"href":"https:\/\/encuentroinformativo.com.mx\/index.php?rest_route=%2Fwp%2Fv2%2Ftags&post=37717"}],"curies":[{"name":"wp","href":"https:\/\/api.w.org\/{rel}","templated":true}]}}