{"id":37719,"date":"2023-03-08T09:12:04","date_gmt":"2023-03-08T15:12:04","guid":{"rendered":"https:\/\/encuentroinformativo.com.mx\/?p=37719"},"modified":"2023-03-08T09:12:06","modified_gmt":"2023-03-08T15:12:06","slug":"se-registran-mas-feminicidios-en-veracruz","status":"publish","type":"post","link":"https:\/\/encuentroinformativo.com.mx\/?p=37719","title":{"rendered":"Se registran m\u00e1s feminicidios en Veracruz"},"content":{"rendered":"\n<p><strong>Alejandro \u00c1vila<\/strong><\/p>\n\n\n\n<p>Veracruz, Ver.- El estado de Veracruz contin\u00faa en segundo lugar a nivel nacional en casos de feminicidio, aunque va en claro ascenso a lograr un lamentable primer lugar. Este 7 de marzo fueron confirmados dos feminicidios m\u00e1s, uno en Xico y otro en Ixhuatl\u00e1n del Caf\u00e9.<\/p>\n\n\n\n<p>En el reporte entregado por la colectiva Brujas del Mar el 28 de febrero, en la entidad veracruzana se hab\u00edan registrado 15 feminicidios durante el 2023; cabe recordar que el a\u00f1o anterior el total de asesinatos de mujeres fue de 85, tan solo en el estado de Veracruz, seg\u00fan datos del Secretariado Ejecutivo del Sistema de Seguridad P\u00fablica.<\/p>\n\n\n\n<p>Este lunes fue confirmado el feminicidio de la joven Yessica del Carmen Ch\u00e1vez de 26 a\u00f1os de edad y qui\u00e9n viv\u00eda en el barrio Santa Elena del municipio de Xico; la joven hab\u00eda sido reportada como desaparecida desde el 26 de febrero al igual que su pareja de nombre Luis Enrique.<\/p>\n\n\n\n<p>Si bien hasta el momento se desconoce la fecha exacta de su fallecimiento, la mujer fue encontrada este lunes 7 de marzo al interior de su domicilio en la calle Los Campos con un disparo en la cabeza.<\/p>\n\n\n\n<p>En el municipio de Ixhuatl\u00e1n del Caf\u00e9, una ama de casa fue encontrada sin vida tambi\u00e9n al interior de su vivienda en la localidad de Ocotitl\u00e1n; la mujer fue encontrada por sus familiares en el sitio conocido como El Izotal, donde yac\u00eda en el piso sobre un chango de sangre y lesiones causadas por un artefacto punzo cortante.<\/p>\n\n\n\n<p>Hasta el momento no se ha informado sobre la identidad y edad de la mujer asesinada en Ixhuatl\u00e1n del Caf\u00e9 y los posibles sospechosos del caso.<\/p>\n\n\n\n<p>Como dato a tomar en cuenta, en 2023 la mayor\u00eda de los feminicidios se han cometido en la propia casa de las v\u00edctimas.<\/p>\n","protected":false},"excerpt":{"rendered":"<p>Alejandro \u00c1vila Veracruz, Ver.- El estado de Veracruz contin\u00faa en segundo lugar a nivel nacional en casos de feminicidio, aunque va en claro ascenso a lograr un lamentable primer lugar. Este 7 de marzo fueron confirmados dos feminicidios m\u00e1s, uno en Xico y otro en Ixhuatl\u00e1n del Caf\u00e9. En el reporte entregado por la colectiva [&hellip;]<\/p>\n","protected":false},"author":2476,"featured_media":37720,"comment_status":"open","ping_status":"open","sticky":false,"template":"","format":"standard","meta":{"_jetpack_memberships_contains_paid_content":false,"footnotes":""},"categories":[2],"tags":[],"class_list":["post-37719","post","type-post","status-publish","format-standard","has-post-thumbnail","hentry","category-estado"],"jetpack_featured_media_url":"https:\/\/encuentroinformativo.com.mx\/wp-content\/uploads\/2023\/03\/IMG-20230308-WA0012.jpg","jetpack_sharing_enabled":true,"jetpack_likes_enabled":true,"amp_enabled":true,"_links":{"self":[{"href":"https:\/\/encuentroinformativo.com.mx\/index.php?rest_route=\/wp\/v2\/posts\/37719","targetHints":{"allow":["GET"]}}],"collection":[{"href":"https:\/\/encuentroinformativo.com.mx\/index.php?rest_route=\/wp\/v2\/posts"}],"about":[{"href":"https:\/\/encuentroinformativo.com.mx\/index.php?rest_route=\/wp\/v2\/types\/post"}],"author":[{"embeddable":true,"href":"https:\/\/encuentroinformativo.com.mx\/index.php?rest_route=\/wp\/v2\/users\/2476"}],"replies":[{"embeddable":true,"href":"https:\/\/encuentroinformativo.com.mx\/index.php?rest_route=%2Fwp%2Fv2%2Fcomments&post=37719"}],"version-history":[{"count":1,"href":"https:\/\/encuentroinformativo.com.mx\/index.php?rest_route=\/wp\/v2\/posts\/37719\/revisions"}],"predecessor-version":[{"id":37721,"href":"https:\/\/encuentroinformativo.com.mx\/index.php?rest_route=\/wp\/v2\/posts\/37719\/revisions\/37721"}],"wp:featuredmedia":[{"embeddable":true,"href":"https:\/\/encuentroinformativo.com.mx\/index.php?rest_route=\/wp\/v2\/media\/37720"}],"wp:attachment":[{"href":"https:\/\/encuentroinformativo.com.mx\/index.php?rest_route=%2Fwp%2Fv2%2Fmedia&parent=37719"}],"wp:term":[{"taxonomy":"category","embeddable":true,"href":"https:\/\/encuentroinformativo.com.mx\/index.php?rest_route=%2Fwp%2Fv2%2Fcategories&post=37719"},{"taxonomy":"post_tag","embeddable":true,"href":"https:\/\/encuentroinformativo.com.mx\/index.php?rest_route=%2Fwp%2Fv2%2Ftags&post=37719"}],"curies":[{"name":"wp","href":"https:\/\/api.w.org\/{rel}","templated":true}]}}