{"id":37722,"date":"2023-03-08T09:20:16","date_gmt":"2023-03-08T15:20:16","guid":{"rendered":"https:\/\/encuentroinformativo.com.mx\/?p=37722"},"modified":"2023-03-08T09:20:19","modified_gmt":"2023-03-08T15:20:19","slug":"veracruz-da-mala-imagen-turistica-por-constantes-apagones-de-luz-cometur","status":"publish","type":"post","link":"https:\/\/encuentroinformativo.com.mx\/?p=37722","title":{"rendered":"Veracruz da mala imagen tur\u00edstica por constantes apagones de luz: COMETUR"},"content":{"rendered":"\n<p><strong>Alejandro \u00c1vila<\/strong><\/p>\n\n\n\n<p>Veracruz, Ver.- La entidad veracruzana da una mala imagen a los turistas con los constantes apagones de energ\u00eda el\u00e9ctrica, mencion\u00f3 el presidente del Consejo Metropolitano de Turismo (COMETUR), Sergio Lois Heredia.<\/p>\n\n\n\n<p>Durante el mes de febrero y los primeros d\u00edas del mes de marzo, la zona conurbada se vio severamente afectada por los cortes de energ\u00eda el\u00e9ctrica en importantes zonas tur\u00edsticas de la ciudad, tales como el Centro Hist\u00f3rico de Veracruz y la cabecera municipal de Boca del R\u00edo.<\/p>\n\n\n\n<p>&#8220;Afecta much\u00edsimo, la mayor\u00eda de los hoteles no cuenta con una planta de emergencia, lo que es una planta de luz, naturalmente si no tienes energ\u00eda el\u00e9ctrica tu servicio desmejora notablemente, no es viable tener un hotel sin energ\u00eda el\u00e9ctrica, mucho menos por un lapso prolongado de horas. La verdad es que se entiende que de vez en cuando haya un apag\u00f3n, pero no tan seguido como \u00faltimamente ha estado pasando&#8221;, subray\u00f3.<\/p>\n\n\n\n<p>Sergio Lois destac\u00f3 el alto costo del recibo de energ\u00eda el\u00e9ctrica, por lo que poner a trabajar una planta de luz cuando hay apagones eleva much\u00edsimo los montos operativos del hotel.<\/p>\n\n\n\n<p>&#8220;Se gasta en combustible y en el mantenimiento de la planta cada vez que se prende, la verdad es que los apagones s\u00ed nos afecta much\u00edsimo (\u2026) una p\u00e9sima imagen para el turismo, porque el turista no se enoja cuando el establecimiento, dicen no es culpa del establecimiento, ven que toda la calle no tiene luz, pero s\u00ed el destino queda muy mal en ese aspecto. Entonces todos los esfuerzos de todos acaban al final siendo borrados por este tema&#8221;, remat\u00f3.<\/p>\n\n\n\n<p>El empresario coment\u00f3 que de haberse realizado el Carnaval de Veracruz en sus fechas originales, los apagones de energ\u00eda el\u00e9ctrica habr\u00edan afectado completamente a toda la organizaci\u00f3n del evento y a los prestadores de servicios tur\u00edsticos.<\/p>\n","protected":false},"excerpt":{"rendered":"<p>Alejandro \u00c1vila Veracruz, Ver.- La entidad veracruzana da una mala imagen a los turistas con los constantes apagones de energ\u00eda el\u00e9ctrica, mencion\u00f3 el presidente del Consejo Metropolitano de Turismo (COMETUR), Sergio Lois Heredia. Durante el mes de febrero y los primeros d\u00edas del mes de marzo, la zona conurbada se vio severamente afectada por los [&hellip;]<\/p>\n","protected":false},"author":2476,"featured_media":37723,"comment_status":"open","ping_status":"open","sticky":false,"template":"","format":"standard","meta":{"_jetpack_memberships_contains_paid_content":false,"footnotes":""},"categories":[2],"tags":[],"class_list":["post-37722","post","type-post","status-publish","format-standard","has-post-thumbnail","hentry","category-estado"],"jetpack_featured_media_url":"https:\/\/encuentroinformativo.com.mx\/wp-content\/uploads\/2023\/03\/IMG-20230308-WA0017.jpg","jetpack_sharing_enabled":true,"jetpack_likes_enabled":true,"amp_enabled":true,"_links":{"self":[{"href":"https:\/\/encuentroinformativo.com.mx\/index.php?rest_route=\/wp\/v2\/posts\/37722","targetHints":{"allow":["GET"]}}],"collection":[{"href":"https:\/\/encuentroinformativo.com.mx\/index.php?rest_route=\/wp\/v2\/posts"}],"about":[{"href":"https:\/\/encuentroinformativo.com.mx\/index.php?rest_route=\/wp\/v2\/types\/post"}],"author":[{"embeddable":true,"href":"https:\/\/encuentroinformativo.com.mx\/index.php?rest_route=\/wp\/v2\/users\/2476"}],"replies":[{"embeddable":true,"href":"https:\/\/encuentroinformativo.com.mx\/index.php?rest_route=%2Fwp%2Fv2%2Fcomments&post=37722"}],"version-history":[{"count":1,"href":"https:\/\/encuentroinformativo.com.mx\/index.php?rest_route=\/wp\/v2\/posts\/37722\/revisions"}],"predecessor-version":[{"id":37724,"href":"https:\/\/encuentroinformativo.com.mx\/index.php?rest_route=\/wp\/v2\/posts\/37722\/revisions\/37724"}],"wp:featuredmedia":[{"embeddable":true,"href":"https:\/\/encuentroinformativo.com.mx\/index.php?rest_route=\/wp\/v2\/media\/37723"}],"wp:attachment":[{"href":"https:\/\/encuentroinformativo.com.mx\/index.php?rest_route=%2Fwp%2Fv2%2Fmedia&parent=37722"}],"wp:term":[{"taxonomy":"category","embeddable":true,"href":"https:\/\/encuentroinformativo.com.mx\/index.php?rest_route=%2Fwp%2Fv2%2Fcategories&post=37722"},{"taxonomy":"post_tag","embeddable":true,"href":"https:\/\/encuentroinformativo.com.mx\/index.php?rest_route=%2Fwp%2Fv2%2Ftags&post=37722"}],"curies":[{"name":"wp","href":"https:\/\/api.w.org\/{rel}","templated":true}]}}