{"id":37732,"date":"2023-03-08T08:17:35","date_gmt":"2023-03-08T14:17:35","guid":{"rendered":"https:\/\/encuentroinformativo.com.mx\/?p=37732"},"modified":"2023-03-08T11:19:38","modified_gmt":"2023-03-08T17:19:38","slug":"por-mandato-judicial-ayuntamiento-debe-51-mdp-a-urbanizadora-medellin","status":"publish","type":"post","link":"https:\/\/encuentroinformativo.com.mx\/?p=37732","title":{"rendered":"Por mandato judicial Ayuntamiento debe 51 mdp a Urbanizadora Medell\u00edn"},"content":{"rendered":"\n<p><strong>Alejandro \u00c1vila<\/strong><\/p>\n\n\n\n<p>Medell\u00edn de Bravo, Ver.- El Ayuntamiento de Medell\u00edn de Bravo aclar\u00f3 en un comunicado la informaci\u00f3n difundida este martes, sobre una presunta solicitud para concesi\u00f3n del suministro de agua en los fraccionamientos Puente Moreno y Lagos de Puente Moreno, por parte de la empresa Urbanizadora Medell\u00edn.<\/p>\n\n\n\n<p>El municipio que preside Marcos Isle\u00f1o Andrade aclar\u00f3 en once puntos, el motivo por el cual se busc\u00f3 legalizar ante el Congreso de Veracruz un convenio de colaboraci\u00f3n entre el Ayuntamiento y la empresa privada.<\/p>\n\n\n\n<p>En primera instancia aclar\u00f3 que, los servicios de agua potable, drenaje, alcantarillado y saneamiento de agua en los citados fraccionamientos, desde siempre han sido brindados por la mencionada empresa; incluso, varias administraciones municipales anteriores celebraron dicho convenio amparadas en el t\u00edtulo de concesi\u00f3n n\u00famero 10VER132887\/28EMDA18, otorgado el 29 de noviembre de 2004 por la Comisi\u00f3n Nacional del Agua (Conagua) a Urbanizadora Medell\u00edn, por un plazo de 50 a\u00f1os.<\/p>\n\n\n\n<p>Posteriormente detall\u00f3 que, en marzo del 2009, Urbanizadora Medell\u00edn con aval de los alcaldes de Veracruz, Boca del R\u00edo y Medell\u00edn, firm\u00f3 un acuerdo con el ahora SAS Metropolitano, al desaparecer el Sistema de Agua y Saneamiento en octubre del 2016, el convenio de colaboraci\u00f3n para brindar el servicio de agua en los fraccionamientos antes mencionados se firm\u00f3 directamente con el municipio de Medell\u00edn.<\/p>\n\n\n\n<p>Los convenios realizados entre la empresa privada y las administraciones municipales anteriores adoles\u00eda de formalidades; por lo que la actual administraci\u00f3n, encabezada por Marcos Isle\u00f1o y con asesor\u00eda de su equipo jur\u00eddico, decidi\u00f3 regularizar el trato y avalarlo mediante el Congreso de Veracruz.<\/p>\n\n\n\n<p>Aunado a ello, el 29 de septiembre de 2016, Urbanizadora Medell\u00edn obtuvo una resoluci\u00f3n favorable respecto del adeudo del SAS, de acuerdo a sentencia emitida por los tribunales estatales, ordenando un Juez (el 27 de abril de 2017) a la entonces administraci\u00f3n municipal el pago de dicho adeudo con cargo a los ingresos que se generar\u00e1n por la prestaci\u00f3n de los servicios de agua.&nbsp;<\/p>\n\n\n\n<p>El adeudo al cierre del ejercicio 2022 asciende a un monto superior a los 51 millones de pesos, que se pagar\u00eda inmediatamente si se tomara la decisi\u00f3n de rescindir el convenio con dicha empresa.<\/p>\n\n\n\n<p>Es muy importante mencionar y reconocer que el H. Ayuntamiento no tiene la capacidad t\u00e9cnica ni financiera para enfrentar la sentencia dispuesta por el juez, ni para dotar de una nueva infraestructura que suministre los servicios de agua potable, drenaje y saneamiento que merecen los ciudadanos, ya que la actual es propiedad de la citada empresa.<\/p>\n\n\n\n<p>Ante esta situaci\u00f3n se puntualiz\u00f3 que, el 22 de diciembre de 2022, el Cabildo Municipal aprob\u00f3 por unanimidad la suscripci\u00f3n del convenio de colaboraci\u00f3n y emisi\u00f3n del t\u00edtulo de concesi\u00f3n a la citada empresa, sujeta a la aprobaci\u00f3n del Congreso Local.<\/p>\n","protected":false},"excerpt":{"rendered":"<p>Alejandro \u00c1vila Medell\u00edn de Bravo, Ver.- El Ayuntamiento de Medell\u00edn de Bravo aclar\u00f3 en un comunicado la informaci\u00f3n difundida este martes, sobre una presunta solicitud para concesi\u00f3n del suministro de agua en los fraccionamientos Puente Moreno y Lagos de Puente Moreno, por parte de la empresa Urbanizadora Medell\u00edn. El municipio que preside Marcos Isle\u00f1o Andrade [&hellip;]<\/p>\n","protected":false},"author":2476,"featured_media":37733,"comment_status":"open","ping_status":"open","sticky":false,"template":"","format":"standard","meta":{"_jetpack_memberships_contains_paid_content":false,"footnotes":""},"categories":[2],"tags":[],"class_list":["post-37732","post","type-post","status-publish","format-standard","has-post-thumbnail","hentry","category-estado"],"jetpack_featured_media_url":"https:\/\/encuentroinformativo.com.mx\/wp-content\/uploads\/2023\/03\/IMG-20230308-WA0051.jpg","jetpack_sharing_enabled":true,"jetpack_likes_enabled":true,"amp_enabled":true,"_links":{"self":[{"href":"https:\/\/encuentroinformativo.com.mx\/index.php?rest_route=\/wp\/v2\/posts\/37732","targetHints":{"allow":["GET"]}}],"collection":[{"href":"https:\/\/encuentroinformativo.com.mx\/index.php?rest_route=\/wp\/v2\/posts"}],"about":[{"href":"https:\/\/encuentroinformativo.com.mx\/index.php?rest_route=\/wp\/v2\/types\/post"}],"author":[{"embeddable":true,"href":"https:\/\/encuentroinformativo.com.mx\/index.php?rest_route=\/wp\/v2\/users\/2476"}],"replies":[{"embeddable":true,"href":"https:\/\/encuentroinformativo.com.mx\/index.php?rest_route=%2Fwp%2Fv2%2Fcomments&post=37732"}],"version-history":[{"count":1,"href":"https:\/\/encuentroinformativo.com.mx\/index.php?rest_route=\/wp\/v2\/posts\/37732\/revisions"}],"predecessor-version":[{"id":37734,"href":"https:\/\/encuentroinformativo.com.mx\/index.php?rest_route=\/wp\/v2\/posts\/37732\/revisions\/37734"}],"wp:featuredmedia":[{"embeddable":true,"href":"https:\/\/encuentroinformativo.com.mx\/index.php?rest_route=\/wp\/v2\/media\/37733"}],"wp:attachment":[{"href":"https:\/\/encuentroinformativo.com.mx\/index.php?rest_route=%2Fwp%2Fv2%2Fmedia&parent=37732"}],"wp:term":[{"taxonomy":"category","embeddable":true,"href":"https:\/\/encuentroinformativo.com.mx\/index.php?rest_route=%2Fwp%2Fv2%2Fcategories&post=37732"},{"taxonomy":"post_tag","embeddable":true,"href":"https:\/\/encuentroinformativo.com.mx\/index.php?rest_route=%2Fwp%2Fv2%2Ftags&post=37732"}],"curies":[{"name":"wp","href":"https:\/\/api.w.org\/{rel}","templated":true}]}}