{"id":37759,"date":"2023-03-08T18:44:32","date_gmt":"2023-03-09T00:44:32","guid":{"rendered":"https:\/\/encuentroinformativo.com.mx\/?p=37759"},"modified":"2023-03-08T22:52:56","modified_gmt":"2023-03-09T04:52:56","slug":"marcha-multitudinaria-por-el-8m-en-xalapa","status":"publish","type":"post","link":"https:\/\/encuentroinformativo.com.mx\/?p=37759","title":{"rendered":"Marcha multitudinaria por el #8M en Xalapa"},"content":{"rendered":"\n<p><strong>Juan Arcos <\/strong><\/p>\n\n\n\n<p>Xalapa, Ver.- Al grito de \u201cse\u00f1or, se\u00f1ora, no sea indiferente, se mata a las mujeres en la cara de la gente\u201d, miles de feministas marcharon en la ciudad de Xalapa, la capital de Veracruz, durante este 8 de marzo, D\u00eda Internacional de la Mujer.<\/p>\n\n\n\n<p>En su mayor\u00eda vest\u00edan de negro y portaban pa\u00f1uelos verdes y color morado. Adem\u00e1s, llevaban pancartas y lonas, donde se le\u00edan diversos mensajes como: \u201cni calladitas ni bonitas nunca m\u00e1s\u201d.<\/p>\n\n\n\n<p>Levantaron la voz nuevamente y tomaron las calles del centro de Xalapa, para exigir que cesen los feminicidios, las desapariciones forzadas y cualquier tipo de violencia contra las mujeres.<\/p>\n\n\n\n<p>Se concentraron en el Teatro del Estado \u201cIgnacio de la Llave\u201d y despu\u00e9s caminaron sobre la avenida Manuel \u00c1vila Camacho con direcci\u00f3n hacia Palacio de Gobierno. Pasaron por el Viaducto del parque Benito Ju\u00e1rez donde hicieron una parada para pintar los nombres de sus agresores.<\/p>\n\n\n\n<p>Se trata de integrantes de diversas organizaciones civiles quienes se manifestaron con batucadas para exigir justicia para las mujeres que han sido v\u00edctimas.<\/p>\n\n\n\n<p>\u201cSomos el grito de las que ya no est\u00e1n\u201d, \u201camarte a ti misma es revolucionario\u201d, \u201cmarcho por mis nietas y por las tuyas\u201d, \u201cmarcho con mi hermana para no marchar por ella\u201d y \u201cgrito hoy porque si ma\u00f1ana no estoy, quiero que griten por m\u00ed\u201d, se le\u00eda en sus pancartas.<\/p>\n\n\n\n<p>A la movilizaci\u00f3n se sumaron familiares de personas desaparecidas de diversos municipios de Veracruz, sobre todo mam\u00e1s que buscan a sus hijos y que durante a\u00f1os no han logrado localizarlos.<\/p>\n\n\n\n<p>\u201cNo que no, s\u00ed que s\u00ed, ya volvimos a salir\u201d, gritaron las mujeres una y otra vez cuando arribaron a Plaza Sebasti\u00e1n Lerdo de Tejada, donde cientos de elementos de la Secretar\u00eda de Seguridad P\u00fablica (SSP) resguardaban edificios p\u00fablicos, religiosos y hasta algunos negocios.<\/p>\n\n\n\n<p>Pese a la presencia de los polic\u00edas, en su mayor\u00eda mujeres, las manifestantes hicieron un performance y en el primer cuadro de la ciudad lanzaron pintura roja sobre un pilar del Palacio de Gobierno, que representaba la sangre derramada por las v\u00edctimas de feminicidios.<\/p>\n\n\n\n<p>Veracruz ocupa el tercer lugar nacional con m\u00e1s feminicidios, seg\u00fan cifras oficiales, pese a que es la \u00fanica entidad del pa\u00eds que cuenta con dos alertas por violencia de g\u00e9nero: una por violencia feminicida y la otra por agravio comparado y discriminaci\u00f3n normativa en derechos sexuales y reproductivos.<\/p>\n\n\n\n<p>Colectivas feministas tambi\u00e9n realizaron marchas y protestas en al menos seis municipios de Veracruz: Xalapa, Tlaltetela, Orizaba, Coatzacoalcos, Poza Rica y en el puerto de Veracruz, en este \u00faltimo donde miles de mujeres hicieron una cadena humana sobre el bulevar \u00c1vila Camacho.<\/p>\n\n\n\n<figure class=\"wp-block-image size-large\"><img loading=\"lazy\" decoding=\"async\" width=\"1024\" height=\"683\" src=\"https:\/\/encuentroinformativo.com.mx\/wp-content\/uploads\/2023\/03\/Photo_1678337388574-1024x683.jpg\" alt=\"\" class=\"wp-image-37771\" srcset=\"https:\/\/encuentroinformativo.com.mx\/wp-content\/uploads\/2023\/03\/Photo_1678337388574-1024x683.jpg 1024w, https:\/\/encuentroinformativo.com.mx\/wp-content\/uploads\/2023\/03\/Photo_1678337388574-300x200.jpg 300w, https:\/\/encuentroinformativo.com.mx\/wp-content\/uploads\/2023\/03\/Photo_1678337388574-768x512.jpg 768w, https:\/\/encuentroinformativo.com.mx\/wp-content\/uploads\/2023\/03\/Photo_1678337388574.jpg 1280w\" sizes=\"auto, (max-width: 1024px) 100vw, 1024px\" \/><\/figure>\n\n\n\n<figure class=\"wp-block-image size-large\"><img loading=\"lazy\" decoding=\"async\" width=\"1024\" height=\"683\" src=\"https:\/\/encuentroinformativo.com.mx\/wp-content\/uploads\/2023\/03\/Photo_1678337360547-1024x683.jpg\" alt=\"\" class=\"wp-image-37772\" srcset=\"https:\/\/encuentroinformativo.com.mx\/wp-content\/uploads\/2023\/03\/Photo_1678337360547-1024x683.jpg 1024w, https:\/\/encuentroinformativo.com.mx\/wp-content\/uploads\/2023\/03\/Photo_1678337360547-300x200.jpg 300w, https:\/\/encuentroinformativo.com.mx\/wp-content\/uploads\/2023\/03\/Photo_1678337360547-768x512.jpg 768w, https:\/\/encuentroinformativo.com.mx\/wp-content\/uploads\/2023\/03\/Photo_1678337360547.jpg 1280w\" sizes=\"auto, (max-width: 1024px) 100vw, 1024px\" \/><\/figure>\n","protected":false},"excerpt":{"rendered":"<p>Juan Arcos Xalapa, Ver.- Al grito de \u201cse\u00f1or, se\u00f1ora, no sea indiferente, se mata a las mujeres en la cara de la gente\u201d, miles de feministas marcharon en la ciudad de Xalapa, la capital de Veracruz, durante este 8 de marzo, D\u00eda Internacional de la Mujer. En su mayor\u00eda vest\u00edan de negro y portaban pa\u00f1uelos [&hellip;]<\/p>\n","protected":false},"author":2476,"featured_media":37770,"comment_status":"open","ping_status":"open","sticky":false,"template":"","format":"standard","meta":{"_jetpack_memberships_contains_paid_content":false,"footnotes":""},"categories":[3],"tags":[],"class_list":["post-37759","post","type-post","status-publish","format-standard","has-post-thumbnail","hentry","category-xalapa"],"jetpack_featured_media_url":"https:\/\/encuentroinformativo.com.mx\/wp-content\/uploads\/2023\/03\/Photo_1678337511022.jpg","jetpack_sharing_enabled":true,"jetpack_likes_enabled":true,"amp_enabled":true,"_links":{"self":[{"href":"https:\/\/encuentroinformativo.com.mx\/index.php?rest_route=\/wp\/v2\/posts\/37759","targetHints":{"allow":["GET"]}}],"collection":[{"href":"https:\/\/encuentroinformativo.com.mx\/index.php?rest_route=\/wp\/v2\/posts"}],"about":[{"href":"https:\/\/encuentroinformativo.com.mx\/index.php?rest_route=\/wp\/v2\/types\/post"}],"author":[{"embeddable":true,"href":"https:\/\/encuentroinformativo.com.mx\/index.php?rest_route=\/wp\/v2\/users\/2476"}],"replies":[{"embeddable":true,"href":"https:\/\/encuentroinformativo.com.mx\/index.php?rest_route=%2Fwp%2Fv2%2Fcomments&post=37759"}],"version-history":[{"count":2,"href":"https:\/\/encuentroinformativo.com.mx\/index.php?rest_route=\/wp\/v2\/posts\/37759\/revisions"}],"predecessor-version":[{"id":37773,"href":"https:\/\/encuentroinformativo.com.mx\/index.php?rest_route=\/wp\/v2\/posts\/37759\/revisions\/37773"}],"wp:featuredmedia":[{"embeddable":true,"href":"https:\/\/encuentroinformativo.com.mx\/index.php?rest_route=\/wp\/v2\/media\/37770"}],"wp:attachment":[{"href":"https:\/\/encuentroinformativo.com.mx\/index.php?rest_route=%2Fwp%2Fv2%2Fmedia&parent=37759"}],"wp:term":[{"taxonomy":"category","embeddable":true,"href":"https:\/\/encuentroinformativo.com.mx\/index.php?rest_route=%2Fwp%2Fv2%2Fcategories&post=37759"},{"taxonomy":"post_tag","embeddable":true,"href":"https:\/\/encuentroinformativo.com.mx\/index.php?rest_route=%2Fwp%2Fv2%2Ftags&post=37759"}],"curies":[{"name":"wp","href":"https:\/\/api.w.org\/{rel}","templated":true}]}}