{"id":37766,"date":"2023-03-08T21:58:48","date_gmt":"2023-03-09T03:58:48","guid":{"rendered":"https:\/\/encuentroinformativo.com.mx\/?p=37766"},"modified":"2023-03-08T21:58:52","modified_gmt":"2023-03-09T03:58:52","slug":"conmemora-alcalde-juan-manuel-unanue-el-dia-internacional-de-la-mujer","status":"publish","type":"post","link":"https:\/\/encuentroinformativo.com.mx\/?p=37766","title":{"rendered":"Conmemora Alcalde Juan Manuel Un\u00e1nue el D\u00eda Internacional de la Mujer"},"content":{"rendered":"\n<p>*<strong><em>\u201cEn mi gobierno el respeto a los derechos de las mujeres es obligatorio y no voluntario\u201d, destac\u00f3<\/em>.<\/strong><\/p>\n\n\n\n<p>Boca del R\u00edo, Ver.- El Alcalde de Boca del R\u00edo, Juan Manuel Un\u00e1nue Abascal, encabez\u00f3 la conmemoraci\u00f3n del D\u00eda Internacional de la Mujer comprometi\u00e9ndose a alcanzar un camino de igualdad y una vida libre de violencia de g\u00e9nero en el municipio.<\/p>\n\n\n\n<p>\u201cIniciamos marzo teniendo claro que es un mes para redoblar esfuerzos en la conquista de nuevos espacios para hacer conciencia sobre las problem\u00e1ticas que viven todos los d\u00edas las mujeres, adolescentes y ni\u00f1as en este municipio\u201d, mencion\u00f3 el Alcalde.<\/p>\n\n\n\n<p>El Presidente Municipal destac\u00f3 que en los primeros 14 meses de gobierno se han realizado acciones puntuales con la firme convicci\u00f3n de transversalizar las pol\u00edticas p\u00fablicas con la perspectiva de g\u00e9nero.<\/p>\n\n\n\n<p>Por ello, Boca del R\u00edo fue el primer municipio en todo el estado de Veracruz en nombrar enlaces de g\u00e9nero en cada una de las oficinas del gobierno municipal, as\u00ed como el primero en publicar el plan de trabajo del Sistema Municipal para la Igualdad entre Mujeres y Hombres y una Vida Libre de Violencia.<\/p>\n\n\n\n<p>Un\u00e1nue Abascal mencion\u00f3 que adem\u00e1s su administraci\u00f3n se sum\u00f3 a la iniciativa ciudadana \u201c3 de 3 contra la violencia hacia las mujeres\u201d, la cual propone como requisito para ocupar cargos de elecci\u00f3n popular o para desempe\u00f1arse en el servicio p\u00fablico tres puntos b\u00e1sicos: No ser deudor de pensi\u00f3n alimenticia, no ser acosador sexual y no ser agresor por razones de g\u00e9nero.<\/p>\n\n\n\n<p>Acompa\u00f1ado por la Presidenta del DIF Municipal, Melina Rivera de Un\u00e1nue, as\u00ed como por regidoras, directoras y personal municipal, enfatiz\u00f3 que en su gobierno el respeto a los derechos de la mujer es obligatorio y no voluntario.<\/p>\n\n\n\n<p>Asimismo, explic\u00f3 que para promover, respetar, proteger y garantizar los derechos de las mujeres, adolescentes y ni\u00f1as en Boca del R\u00edo, se ha trabajado en iniciativas en conjunto con el Instituto Municipal de las Mujeres y Colectivas, como una gu\u00eda y mejora al ejecutar pol\u00edticas con la perspectiva de g\u00e9nero.<\/p>\n\n\n\n<p>El gobierno de Boca del R\u00edo incentiv\u00f3 y respald\u00f3 el empoderamiento econ\u00f3mico de las mujeres mediante ferias del empleo y capacitaci\u00f3n para el emprendimiento, as\u00ed como espacios para la promoci\u00f3n de sus productos, adem\u00e1s de rehabilitar las guarder\u00edas Boque\u00f1itos, ofreciendo as\u00ed un espacio seguro y confiable para cuidar a sus hijos.<\/p>\n\n\n\n<p>De igual forma se unieron esfuerzos con la sociedad civil e instituciones para lograr el acceso a la salud de las mujeres en el municipio.<\/p>\n\n\n\n<p>Aunado a esto, se puso en marcha el programa \u201cPuntos Violeta\u201d, \u00fanico en el estado de Veracruz con 23 espacios municipales con personal capacitado, quienes prestar\u00e1n resguardo a cualquier mujer que se sienta en alguna situaci\u00f3n de riesgo y posteriormente sea atendida por la Polic\u00eda Municipal.<\/p>\n\n\n\n<p>En dicho programa se mantiene continua capacitaci\u00f3n a la sociedad civil, para que se sumen a esta iniciativa, sobre todo desde la iniciativa privada.<\/p>\n\n\n\n<p>Por otra parte anunci\u00f3 que para este a\u00f1o en Boca del R\u00edo ser\u00e1n inaugurados los \u201cSenderos Seguros\u201d, espacios para el disfrute de mujeres, adolescentes y ni\u00f1as.<\/p>\n\n\n\n<p>Finalmente, el Alcalde de Boca del R\u00edo, Juan Manuel Un\u00e1nue Abascal, extern\u00f3 que cuentan con \u00e9l para garantizar un municipio donde la igualdad sea una realidad, se respeten y garanticen todos los derechos.<\/p>\n\n\n\n<p>Acto seguido, el Palacio Municipal fue iluminado morado en conmemoraci\u00f3n del D\u00eda Internacional de la Mujer.<\/p>\n\n\n\n<p>Acompa\u00f1ando a la autoridad municipal estuvieron presentes la Diputada Local Anil\u00fa Ingram Vallines y la tambi\u00e9n Legisladora Local Ver\u00f3nica Pulido Herrera.<\/p>\n\n\n\n<figure class=\"wp-block-image size-large\"><img loading=\"lazy\" decoding=\"async\" width=\"1024\" height=\"576\" src=\"https:\/\/encuentroinformativo.com.mx\/wp-content\/uploads\/2023\/03\/IMG-20230308-WA02262.jpg\" alt=\"\" class=\"wp-image-37768\" srcset=\"https:\/\/encuentroinformativo.com.mx\/wp-content\/uploads\/2023\/03\/IMG-20230308-WA02262.jpg 1024w, https:\/\/encuentroinformativo.com.mx\/wp-content\/uploads\/2023\/03\/IMG-20230308-WA02262-300x169.jpg 300w, https:\/\/encuentroinformativo.com.mx\/wp-content\/uploads\/2023\/03\/IMG-20230308-WA02262-768x432.jpg 768w\" sizes=\"auto, (max-width: 1024px) 100vw, 1024px\" \/><\/figure>\n","protected":false},"excerpt":{"rendered":"<p>*\u201cEn mi gobierno el respeto a los derechos de las mujeres es obligatorio y no voluntario\u201d, destac\u00f3. Boca del R\u00edo, Ver.- El Alcalde de Boca del R\u00edo, Juan Manuel Un\u00e1nue Abascal, encabez\u00f3 la conmemoraci\u00f3n del D\u00eda Internacional de la Mujer comprometi\u00e9ndose a alcanzar un camino de igualdad y una vida libre de violencia de g\u00e9nero [&hellip;]<\/p>\n","protected":false},"author":2476,"featured_media":37767,"comment_status":"open","ping_status":"open","sticky":false,"template":"","format":"standard","meta":{"_jetpack_memberships_contains_paid_content":false,"footnotes":""},"categories":[2],"tags":[],"class_list":["post-37766","post","type-post","status-publish","format-standard","has-post-thumbnail","hentry","category-estado"],"jetpack_featured_media_url":"https:\/\/encuentroinformativo.com.mx\/wp-content\/uploads\/2023\/03\/IMG-20230308-WA02272.jpg","jetpack_sharing_enabled":true,"jetpack_likes_enabled":true,"amp_enabled":true,"_links":{"self":[{"href":"https:\/\/encuentroinformativo.com.mx\/index.php?rest_route=\/wp\/v2\/posts\/37766","targetHints":{"allow":["GET"]}}],"collection":[{"href":"https:\/\/encuentroinformativo.com.mx\/index.php?rest_route=\/wp\/v2\/posts"}],"about":[{"href":"https:\/\/encuentroinformativo.com.mx\/index.php?rest_route=\/wp\/v2\/types\/post"}],"author":[{"embeddable":true,"href":"https:\/\/encuentroinformativo.com.mx\/index.php?rest_route=\/wp\/v2\/users\/2476"}],"replies":[{"embeddable":true,"href":"https:\/\/encuentroinformativo.com.mx\/index.php?rest_route=%2Fwp%2Fv2%2Fcomments&post=37766"}],"version-history":[{"count":1,"href":"https:\/\/encuentroinformativo.com.mx\/index.php?rest_route=\/wp\/v2\/posts\/37766\/revisions"}],"predecessor-version":[{"id":37769,"href":"https:\/\/encuentroinformativo.com.mx\/index.php?rest_route=\/wp\/v2\/posts\/37766\/revisions\/37769"}],"wp:featuredmedia":[{"embeddable":true,"href":"https:\/\/encuentroinformativo.com.mx\/index.php?rest_route=\/wp\/v2\/media\/37767"}],"wp:attachment":[{"href":"https:\/\/encuentroinformativo.com.mx\/index.php?rest_route=%2Fwp%2Fv2%2Fmedia&parent=37766"}],"wp:term":[{"taxonomy":"category","embeddable":true,"href":"https:\/\/encuentroinformativo.com.mx\/index.php?rest_route=%2Fwp%2Fv2%2Fcategories&post=37766"},{"taxonomy":"post_tag","embeddable":true,"href":"https:\/\/encuentroinformativo.com.mx\/index.php?rest_route=%2Fwp%2Fv2%2Ftags&post=37766"}],"curies":[{"name":"wp","href":"https:\/\/api.w.org\/{rel}","templated":true}]}}