{"id":37775,"date":"2023-03-09T09:39:02","date_gmt":"2023-03-09T15:39:02","guid":{"rendered":"https:\/\/encuentroinformativo.com.mx\/?p=37775"},"modified":"2023-03-09T09:39:06","modified_gmt":"2023-03-09T15:39:06","slug":"cazarin-triunfo-doble-en-martes","status":"publish","type":"post","link":"https:\/\/encuentroinformativo.com.mx\/?p=37775","title":{"rendered":"CAZAR\u00cdN TRIUNF\u00d3 DOBLE EN MARTES"},"content":{"rendered":"\n<p><strong>ColumnaSinNombre<br>@pablojair<\/strong><\/p>\n\n\n\n<ul class=\"wp-block-list\"><li>Llega \u201cAlito\u201d Moreno a Xalapa.<\/li><li>Solventado el 90% de observaciones de la ASF: Lima Franco<\/li><li>Gira exitosa de Zenyazen por el norte.<\/li><li>Rosamary por la igualdad, paridad, igualdad salarial y contra la violencia familiar.<\/li><\/ul>\n\n\n\n<p>Dice Maquiavelo que si le dan otra vez lana pa&#8217; su Colegio<br>&#8211;Chopenjawer<\/p>\n\n\n\n<p>Este martes, en el Congreso del Estado, se vieron dos historias pol\u00edticas muy destacadas y en ellas tuvo mucho qu\u00e9 ver el diputado Juan Javier G\u00f3mez Cazar\u00edn, presidente de la Junta de Coordinaci\u00f3n Pol\u00edtica.<\/p>\n\n\n\n<p>La primera: a ra\u00edz de que inici\u00f3 la pandemia del Covid-19, se tomaron en todo el mundo medidas preventivas que dieron origen a nuevos h\u00e1bitos en el trabajo, casa y escuela. Hasta las iglesias tuvieron que implementar misas virtuales porque tener una congregaci\u00f3n de manera presencial era muy arriesgado para la vida\u2026 hasta que llegaron las vacunas.<\/p>\n\n\n\n<p>Al paso del tiempo, y parad\u00f3jicamente gracias al maldito bicho, ahora se plantean nuevos esquemas de escuelas mixtas (presencial o virtual), jornadas de trabajo m\u00e1s reducidas o la modalidad del &#8220;home-office&#8221;, que ayudan mucho a ahorrar gastos tanto para la empresa como para el empleado.<\/p>\n\n\n\n<p>El asunto es que ya con la poblaci\u00f3n vacunada y con el virus casi dominado, no faltan quienes abusan de estas medidas para ausentarse, y ah\u00ed est\u00e1 el caso de algunos legisladores, quienes de plano se desaparecen de sus curules.<\/p>\n\n\n\n<p>Es por esto que este martes, en el pleno de la LXVI Legislatura del estado, se aprob\u00f3 una nueva ley que regula las sesiones a distancia, propuesta del diputado Juan Javier G\u00f3mez Cazar\u00edn.<\/p>\n\n\n\n<p>Fue con 41 votos a favor, sin votos en contra o abstenciones, que el dictamen fue aprobado para dejar claro que las sesiones a distancia ser\u00e1n \u00fanicamente cuando se trate de contingencias sanitarias o ambientales, riesgos a la seguridad p\u00fablica o a la protecci\u00f3n civil o cuando se declare estado de emergencia u otros casos de fuerza mayor.<\/p>\n\n\n\n<p>\u201cEn el dictamen, la y los integrantes de la comisi\u00f3n dictaminadora coinciden con el Diputado proponente en relaci\u00f3n con que, aun cuando no se ha emitido una declaratoria formal de finalizaci\u00f3n de la pandemia por parte de la Organizaci\u00f3n Mundial de la Salud (OMS) sobre la pandemia por Covid-19, es indudable que los casos y el n\u00famero de hospitalizaciones han disminuido considerablemente respecto a 2020. De acuerdo con esta determinaci\u00f3n, las denominadas sesiones a distancia refieren una reforma de 2020 y actualmente se eval\u00faa la pertinencia de mantenerlas, toda vez que ya no son indispensables debido al alza en los \u00edndices de vacunaci\u00f3n y a la reducci\u00f3n de contagios y del n\u00famero de personas fallecidas a causa de dicha enfermedad\u201d, detalla el comunicado sobre la aprobaci\u00f3n.<\/p>\n\n\n\n<p>Luego entonces, a partir de esta reforma, las diputadas y los diputados tendr\u00e1n la obligaci\u00f3n de asistir al Congreso\u2026 pos a trabajar, que para eso se les paga.<\/p>\n\n\n\n<p>Pero no fue el primer triunfo de Cazar\u00edn esa tarde de martes.<\/p>\n\n\n\n<p>Algo que pocos vieron es que la plana mayor de los empresarios e industriales m\u00e1s ricos del estado estuvieron este mismo martes en el Congreso del Estado, presentes en la sesi\u00f3n donde se dej\u00f3 sin efectos la donaci\u00f3n que se hab\u00eda hecho de la Aeropista de C\u00f3rdoba (o tambi\u00e9n llamado \u201cAer\u00f3dromo Juan Antonio Perdomo D\u00edaz\u201d), por lo que ser\u00e1 reintegrado al patrimonio del municipio y servir\u00e1 para el desarrollo industrial, comercial y tur\u00edstico de una de las zonas metropolitanas m\u00e1s importantes del estado: la C\u00f3rdoba-Orizaba.<\/p>\n\n\n\n<p>Ah\u00ed estuvieron Juan Manuel Diez Francos, el alcalde de Orizaba y uno de los m\u00e1s prominentes empresarios en el estado, quien adem\u00e1s es mencionado como el mejor aspirante a la gubernatura que podr\u00eda tener la oposici\u00f3n en Veracruz para hacer frente a Morena en 2024.<\/p>\n\n\n\n<p>Diez Francos &#8211;aqu\u00ed lo hemos mencionado&#8211; es el art\u00edfice de la nueva Orizaba que se ha ido construyendo en la \u00faltima d\u00e9cada, que f\u00e1cilmente ya ha rebasado en modernidad y turismo a la capital Xalapa (aunque le est\u00e1n echando ganitas con obras locales por parte del Gobierno del Estado).<\/p>\n\n\n\n<p>Otro presente fue el poderoso azucarero Oth\u00f3n Porres Bueno, del grupo industrial m\u00e1s fuerte del estado, con sede en C\u00f3rdoba.<\/p>\n\n\n\n<p>Tambi\u00e9n estuvo Jos\u00e9 Miguel Bueno Ross, director de Manufacturera 3M, empresa fundada en el a\u00f1o 1954 en la ciudad de C\u00f3rdoba; dedicada al dise\u00f1o y fabricaci\u00f3n de equipos y piezas para industrias como la automotriz, sider\u00fargica, energ\u00e9tica, petrol\u00edfera, naval, minera, cementera, etc.<\/p>\n\n\n\n<p>O sea, puro \u201cpesado\u201d. Puro \u201cviej\u00f3n\u201d como testigos de honor de la aprobaci\u00f3n del dictamen y tom\u00e1ndose la foto con Cazar\u00edn.<\/p>\n\n\n\n<p>Por este asunto, el legislador sure\u00f1o felicit\u00f3 al presidente municipal de C\u00f3rdoba, Juan Mart\u00ednez Flores, quien solicit\u00f3 la reincorporaci\u00f3n de dicho bien y busca la operaci\u00f3n de la aeropista en sociedad con los empresarios de esa regi\u00f3n.<\/p>\n\n\n\n<p>\u201cSiempre respaldaremos a las autoridades municipales que junto con los sectores productivos, y sociedad en su conjunto, suman esfuerzos para impulsar el desarrollo econ\u00f3mico y social de sus comunidades (\u2026) Vemos que hay uni\u00f3n entre los gobiernos municipales con los industriales y empresarios de la metr\u00f3polis, por lo que confiamos plenamente en un exitoso relanzamiento de la aeropista de C\u00f3rdoba\u201d, expres\u00f3 Cazar\u00edn.<\/p>\n\n\n\n<p>Y as\u00ed iniciando labores el Congreso este a\u00f1o, G\u00f3mez Cazar\u00edn se llev\u00f3 la tarde. Ah\u00ed nom\u00e1s pa\u2019 que chequen el dato de c\u00f3mo arranc\u00f3 este 2023 la labor legislativa.<\/p>\n\n\n\n<p>Por cierto, hablando de Diez Francos, anoche soltaron un \u201cborrego\u201d sobre que habr\u00e1 una cena en Orizaba para \u201cdestapar\u201d al empresario a la gubernatura; nos dicen fuentes de muy alto nivel que s\u00ed hay cena, pero no tiene ese fondo, ni tampoco la concurrencia que se andaba anunciando\u2026 \u00bfPero qu\u00e9 necesidad de estarse acelerando tanto?<\/p>\n\n\n\n<p>NOTA PARA PEGAR EN EL REFRI: Que este viernes andar\u00e1 por Xalapa el dirigente nacional del PRI, Alejandro Moreno, quien adem\u00e1s visitar\u00e1 la sede estatal del partido tricolor (algo que no se ha visto en a\u00f1os) para encabezar el homenaje al experimentado pol\u00edtico sure\u00f1o Carlos Brito G\u00f3mez, uno de los formadores de una generaci\u00f3n de destacados actores pol\u00edticos pri\u00edstas que estuvieron muy vigentes en los a\u00f1os 80 y 90 en el siglo pasado, haciendo todav\u00eda ruido poco antes de que llegara la Cuarta Transformeishion\u2026 Carlos Brito, hace unos a\u00f1os, se hizo famoso a nivel nacional por una foto en La Jornada donde (con toda la mala leche) le hacen parecer que estaba corriendo a un ni\u00f1o que vend\u00eda dulces en un evento del PRI, lo que finalmente qued\u00f3 as\u00ed en el imaginario popular\u2026 El que anda muy contento y metido en toda la log\u00edstica de la visita de su l\u00edder nacional es el diputado local y presidente del partido en Veracruz, Marlon Ram\u00edrez Mar\u00edn, quien se est\u00e1 haciendo notar como un fuerte aspirante al Senado de la Rep\u00fablica, como una de los pocas personas serias que todav\u00eda sacan la casta por el tricolor.<\/p>\n\n\n\n<p><strong>OTRA NOTA: <\/strong>El titular de la Secretar\u00eda de Finanzas y Planeaci\u00f3n (SEFIPLAN) Jos\u00e9 Luis Lima Franco, explic\u00f3 que la Auditor\u00eda Superior de la Federaci\u00f3n (ASF) observ\u00f3 el uso de 6 mil millones de pesos y que el 90% est\u00e1 ya solventado: \u201cs\u00f3lo una peque\u00f1a parte est\u00e1 en proceso de solventaci\u00f3n y esperamos que sea en los pr\u00f3ximos meses\u201d.<\/p>\n\n\n\n<p><strong>OTRA NOTA EXTRA: <\/strong>El que anda de gira exitosa por el norte del estado, es el secretario de Educaci\u00f3n, Zenyazen Escobar, pues tuvo una gran respuesta de madres y padres de familia para participar en la Escuela para Padres: \u201c\u00bfC\u00f3mo favorecer el desarrollo socioemocional de mi hija(o)?\u201d\u2026 Este mi\u00e9rcoles, en el Instituto Tecnol\u00f3gico Superior de Tantoyuca, estuvieron m\u00e1s de tres mil madres y padres de ni\u00f1as y ni\u00f1os, de escuelas de Educaci\u00f3n B\u00e1sica de Tantoyuca, Chalma, Ixcatepec, Plat\u00f3n S\u00e1nchez y Tempoal: \u201cEscucharon a los especialistas, quienes abordaron interesantes temas que invitaron a reflexionar sobre el desarrollo de nuestra ni\u00f1ez. Autoridades, docentes, madres y padres de familia juntos transformamos la educaci\u00f3n en Veracruz\u201d, expres\u00f3 el titular de la SEV.<\/p>\n\n\n\n<p><strong>LA \u00daLTIMA PORQUE SE VIENEN HORAS DIF\u00cdCILES PARA EL \u201cGRANDE\u201d (MI PERRO, NO EL NARCO): <\/strong>Las diputadas federales coincidieron en avanzar la Iniciativa 3 de 3 para garantizar derechos de la mujer. Adem\u00e1s, este martes se aprobaron dict\u00e1menes en materia de igualdad, paridad de g\u00e9nero, igualdad salarial y contra la violencia familiar, inform\u00f3 la diputada federal del Distrito 4 de Veracruz, Rosa Mar\u00eda Hern\u00e1ndez Espejo, desde el Pleno de la C\u00e1mara de Diputados\u2026 Dijo que al conmemorar el D\u00eda Internacional de la Mujer, las legisladoras de MORENA, PRI, PVEM, PRD, PT y MC \u2014a excepci\u00f3n de las del PAN\u2014 coincidieron en la urgencia de actualizar la legislaci\u00f3n para protecci\u00f3n de los derechos comunes de las mujeres de privilegiar su integridad f\u00edsica: \u201cYa est\u00e1 en la ley, el castigo a los agresores; no podr\u00e1n ser candidatos a puestos de elecci\u00f3n popular, los agresores de mujeres, ni los que no paguen pensi\u00f3n alimenticia y adem\u00e1s, habr\u00e1 libertad de las mujeres para elegir maternidad\u201d, dijo la legisladora de Morena.<\/p>\n","protected":false},"excerpt":{"rendered":"<p>ColumnaSinNombre@pablojair Llega \u201cAlito\u201d Moreno a Xalapa. Solventado el 90% de observaciones de la ASF: Lima Franco Gira exitosa de Zenyazen por el norte. Rosamary por la igualdad, paridad, igualdad salarial y contra la violencia familiar. Dice Maquiavelo que si le dan otra vez lana pa&#8217; su Colegio&#8211;Chopenjawer Este martes, en el Congreso del Estado, se [&hellip;]<\/p>\n","protected":false},"author":2476,"featured_media":488,"comment_status":"open","ping_status":"open","sticky":false,"template":"","format":"standard","meta":{"_jetpack_memberships_contains_paid_content":false,"footnotes":""},"categories":[11],"tags":[],"class_list":["post-37775","post","type-post","status-publish","format-standard","has-post-thumbnail","hentry","category-opinion"],"jetpack_featured_media_url":"https:\/\/encuentroinformativo.com.mx\/wp-content\/uploads\/2020\/03\/F471F608-BA1A-416B-BA7B-BCFB24F4E6D0.jpeg","jetpack_sharing_enabled":true,"jetpack_likes_enabled":true,"amp_enabled":true,"_links":{"self":[{"href":"https:\/\/encuentroinformativo.com.mx\/index.php?rest_route=\/wp\/v2\/posts\/37775","targetHints":{"allow":["GET"]}}],"collection":[{"href":"https:\/\/encuentroinformativo.com.mx\/index.php?rest_route=\/wp\/v2\/posts"}],"about":[{"href":"https:\/\/encuentroinformativo.com.mx\/index.php?rest_route=\/wp\/v2\/types\/post"}],"author":[{"embeddable":true,"href":"https:\/\/encuentroinformativo.com.mx\/index.php?rest_route=\/wp\/v2\/users\/2476"}],"replies":[{"embeddable":true,"href":"https:\/\/encuentroinformativo.com.mx\/index.php?rest_route=%2Fwp%2Fv2%2Fcomments&post=37775"}],"version-history":[{"count":1,"href":"https:\/\/encuentroinformativo.com.mx\/index.php?rest_route=\/wp\/v2\/posts\/37775\/revisions"}],"predecessor-version":[{"id":37776,"href":"https:\/\/encuentroinformativo.com.mx\/index.php?rest_route=\/wp\/v2\/posts\/37775\/revisions\/37776"}],"wp:featuredmedia":[{"embeddable":true,"href":"https:\/\/encuentroinformativo.com.mx\/index.php?rest_route=\/wp\/v2\/media\/488"}],"wp:attachment":[{"href":"https:\/\/encuentroinformativo.com.mx\/index.php?rest_route=%2Fwp%2Fv2%2Fmedia&parent=37775"}],"wp:term":[{"taxonomy":"category","embeddable":true,"href":"https:\/\/encuentroinformativo.com.mx\/index.php?rest_route=%2Fwp%2Fv2%2Fcategories&post=37775"},{"taxonomy":"post_tag","embeddable":true,"href":"https:\/\/encuentroinformativo.com.mx\/index.php?rest_route=%2Fwp%2Fv2%2Ftags&post=37775"}],"curies":[{"name":"wp","href":"https:\/\/api.w.org\/{rel}","templated":true}]}}