{"id":37777,"date":"2023-03-09T09:51:38","date_gmt":"2023-03-09T15:51:38","guid":{"rendered":"https:\/\/encuentroinformativo.com.mx\/?p=37777"},"modified":"2023-03-09T09:51:42","modified_gmt":"2023-03-09T15:51:42","slug":"tio-fide-y-javier","status":"publish","type":"post","link":"https:\/\/encuentroinformativo.com.mx\/?p=37777","title":{"rendered":"T\u00edo Fide y Javier"},"content":{"rendered":"\n<p><strong>Los Pol\u00edticos <\/strong><\/p>\n\n\n\n<p><strong>Salvador Mu\u00f1oz<\/strong><\/p>\n\n\n\n<p>En el pasado cumplea\u00f1os de Fidel Herrera Beltr\u00e1n, el dirigente del PRI, Marlon Ram\u00edrez Mar\u00edn, tuvo a bien subir un video del oriundo de Nopaltepec quien en una alocuci\u00f3n, hablaba de lo que era el PRI as\u00ed como el ser Pri\u00edsta\u2026<\/p>\n\n\n\n<p>S\u00ed, al parecer Marlon mataba a dos p\u00e1jaros de un tiro con ese video\u2026 por un lado, hac\u00eda los honores al cumplea\u00f1ero, y por otro, v\u00eda dicho video, enviaba una soflama a la militancia del partido que encabeza.<\/p>\n\n\n\n<p>Bajo el riesgo de que me corrijan, podr\u00eda asegurar que el famoso T\u00edo Fide como cari\u00f1osamente le llamaban, es el \u00faltimo gran l\u00edder que comand\u00f3 a dicho partido desde su posici\u00f3n como Gobernador\u2026 por supuesto que la dirigencia estatal del partido ubicado en esquina Francisco Moreno con Ruiz Cortines, era un extensi\u00f3n del pri\u00edsmo que desde Palacio de Gobierno ejerc\u00eda el tambi\u00e9n conocido como La Nauyaca.<\/p>\n\n\n\n<p>El liderazgo del tambi\u00e9n famoso Chanoc (como aseguran le gustaba que le dijeran) lleg\u00f3 a tal grado que pint\u00f3 a la entidad de rojo, color distintivo durante su sexenio\u2026 traje negro, camisa blanca y corbata roja, era la estampa del mandatario estatal. Ya si ten\u00eda que estar en el Puerto o en zona costera, la guayabera era de caj\u00f3n\u2026<\/p>\n\n\n\n<p>El Chango, otro de los apodos que le endilgaron, supo entreverar la experiencia de viejos lobos de mar de su partido con una camada interesante de chavos entre los que destacaron Am\u00e9rico Z\u00fa\u00f1iga, quien a sus 25 a\u00f1os o algo as\u00ed, fue secretario de Trabajo\u2026 Por all\u00ed se recuerda a Silvio Lagos y a su primo Erick Lagos, entre otros, as\u00ed como a Kalil Mohamed, el \u00faltimo de sus disc\u00edpulos, si no estoy equivocado\u2026<\/p>\n\n\n\n<p>En el video que Marlon Ram\u00edrez Mar\u00edn sube con motivo del cumple de T\u00edo Fide, hay arengas que bien vale la pena reescribir ac\u00e1, como \u00e9sa donde dice que &#8220;Yo no fui un gobernador como no fui un candidato mostrenco\u2026 tengo nombre y apellido de padre \u00a1y tengo madre!\u2026 de la que me siento orgulloso\u2026 Tengo partido\u2026 el \u00fanico partido en el que militaron mis abuelos, mis padres, mis hermanos, mis hijos\u2026&#8221;<\/p>\n\n\n\n<p>S\u00ed, el oriundo de Nopaltepec no cabe duda, es el \u00faltimo gran l\u00edder que tuvo el PRI en Veracruz, por su capacidad, conocimiento, habilidad y dominio para ejercer la pol\u00edtica\u2026 aunque tambi\u00e9n hay que reconocerle que era un adelantado a su \u00e9poca, y una foto de este mi\u00e9rcoles que circul\u00f3 en redes puede hablar mejor de ello que yo\u2026<\/p>\n\n\n\n<p>Acompa\u00f1ando a los senadores Gabriela Benavides Cobos y Manuel Velasco Coello, Javier Herrera Borunda, el hijo de Fidel Herrera Beltr\u00e1n, en su car\u00e1cter de secretario de Organizaci\u00f3n del Partido Verde Ecologista de M\u00e9xico, estuvo tambi\u00e9n con Roc\u00edo Nahle, secretaria de Energ\u00eda del Gobierno federal, pero tambi\u00e9n &#8220;corcholata&#8221; a la Gubernatura de Veracruz para este 2024.<\/p>\n\n\n\n<p>S\u00ed, en estos momentos pol\u00edticos, cada quien juega sus piezas como mejor le convenga, de acuerdo a su circunstancia\u2026 y la mayor parte de las veces, la conciencia y la constancia ya no son incluidas porque as\u00ed lo dictan los nuevos tiempos de la t\u00f3mbola y la bendici\u00f3n de las &#8220;pluris&#8221;\u2026<\/p>\n\n\n\n<p>Javier Herrera, en su red de Facebook, acompa\u00f1\u00f3 la foto citada con el siguiente comentario:<br>&#8220;Platico con mi amiga la Secretaria de Energ\u00eda del Gobierno de la Rep\u00fablica, Roc\u00edo Nahle. Mujer que con un trabajo permanente de m\u00e1s de 30 a\u00f1os ha mostrado su cari\u00f1o a nuestro querido Veracruz. (Sic con la puntuaci\u00f3n)<\/p>\n\n\n\n<p>\u00bfY qu\u00e9 tiene que ver dicha foto con T\u00edo Fide y su visi\u00f3n pol\u00edtica? En el video que sube Marlon Ram\u00edrez, expresa el de Nopaltepec: &#8220;Tengo partido\u2026 el \u00fanico partido en el que MILITARON mis abuelos, mis padres, mis hermanos, mis hijos\u2026 el \u00fanico partido en el que MILITAR\u00c9 (NdelaR: las altas son m\u00edas) toda mi vida, al que le debo todo&#8221;; s\u00ed, el verbo al menos en Javier Herrera, queda como anillo al dedo al emplearlo en pret\u00e9rito en ese momento\u2026<\/p>\n\n\n\n<p>No nos extra\u00f1a el cambio de camiseta porque al fin y al cabo, el &#8220;chapulineo&#8221; es ya algo normal y por supuesto, cada quien hace su destino como mejor le convenga\u2026 Lo que se siente raro es que venga de uno de los hijos del \u00faltimo gran l\u00edder que dio el PRI en Veracruz\u2026 bueno, a diferencia de su padre, quiz\u00e1s a Javier el PRI no le dio todo\u2026<\/p>\n","protected":false},"excerpt":{"rendered":"<p>Los Pol\u00edticos Salvador Mu\u00f1oz En el pasado cumplea\u00f1os de Fidel Herrera Beltr\u00e1n, el dirigente del PRI, Marlon Ram\u00edrez Mar\u00edn, tuvo a bien subir un video del oriundo de Nopaltepec quien en una alocuci\u00f3n, hablaba de lo que era el PRI as\u00ed como el ser Pri\u00edsta\u2026 S\u00ed, al parecer Marlon mataba a dos p\u00e1jaros de un [&hellip;]<\/p>\n","protected":false},"author":2476,"featured_media":387,"comment_status":"open","ping_status":"open","sticky":false,"template":"","format":"standard","meta":{"_jetpack_memberships_contains_paid_content":false,"footnotes":""},"categories":[11],"tags":[],"class_list":["post-37777","post","type-post","status-publish","format-standard","has-post-thumbnail","hentry","category-opinion"],"jetpack_featured_media_url":"https:\/\/encuentroinformativo.com.mx\/wp-content\/uploads\/2020\/03\/7CF8A22B-2764-47BE-8F7F-38FE9E5D6A2F.jpeg","jetpack_sharing_enabled":true,"jetpack_likes_enabled":true,"amp_enabled":true,"_links":{"self":[{"href":"https:\/\/encuentroinformativo.com.mx\/index.php?rest_route=\/wp\/v2\/posts\/37777","targetHints":{"allow":["GET"]}}],"collection":[{"href":"https:\/\/encuentroinformativo.com.mx\/index.php?rest_route=\/wp\/v2\/posts"}],"about":[{"href":"https:\/\/encuentroinformativo.com.mx\/index.php?rest_route=\/wp\/v2\/types\/post"}],"author":[{"embeddable":true,"href":"https:\/\/encuentroinformativo.com.mx\/index.php?rest_route=\/wp\/v2\/users\/2476"}],"replies":[{"embeddable":true,"href":"https:\/\/encuentroinformativo.com.mx\/index.php?rest_route=%2Fwp%2Fv2%2Fcomments&post=37777"}],"version-history":[{"count":1,"href":"https:\/\/encuentroinformativo.com.mx\/index.php?rest_route=\/wp\/v2\/posts\/37777\/revisions"}],"predecessor-version":[{"id":37778,"href":"https:\/\/encuentroinformativo.com.mx\/index.php?rest_route=\/wp\/v2\/posts\/37777\/revisions\/37778"}],"wp:featuredmedia":[{"embeddable":true,"href":"https:\/\/encuentroinformativo.com.mx\/index.php?rest_route=\/wp\/v2\/media\/387"}],"wp:attachment":[{"href":"https:\/\/encuentroinformativo.com.mx\/index.php?rest_route=%2Fwp%2Fv2%2Fmedia&parent=37777"}],"wp:term":[{"taxonomy":"category","embeddable":true,"href":"https:\/\/encuentroinformativo.com.mx\/index.php?rest_route=%2Fwp%2Fv2%2Fcategories&post=37777"},{"taxonomy":"post_tag","embeddable":true,"href":"https:\/\/encuentroinformativo.com.mx\/index.php?rest_route=%2Fwp%2Fv2%2Ftags&post=37777"}],"curies":[{"name":"wp","href":"https:\/\/api.w.org\/{rel}","templated":true}]}}