{"id":37796,"date":"2023-03-09T12:40:07","date_gmt":"2023-03-09T18:40:07","guid":{"rendered":"https:\/\/encuentroinformativo.com.mx\/?p=37796"},"modified":"2023-03-09T12:40:10","modified_gmt":"2023-03-09T18:40:10","slug":"fatima-no-se-fue-por-cuenta-propia-familiares-mantienen-busqueda","status":"publish","type":"post","link":"https:\/\/encuentroinformativo.com.mx\/?p=37796","title":{"rendered":"&#8216;F\u00e1tima no se fue por cuenta propia&#8217;, familiares mantienen b\u00fasqueda"},"content":{"rendered":"\n<p><strong>Juan Arcos<\/strong><\/p>\n\n\n\n<p>Xalapa, Ver.- Se fortalece una l\u00ednea de investigaci\u00f3n por la desaparici\u00f3n de la adolescente F\u00e1tima Cristal Gonz\u00e1lez Patlas, el pasado 9 de diciembre, en el municipio de Villa Aldama, que se encuentra en el Valle de Perote.<\/p>\n\n\n\n<p>Su t\u00eda Guadalupe Rub\u00ed Romero Gonz\u00e1lez protest\u00f3 frente a Palacio de Gobierno este jueves, a tres meses de que la menor se extraviara despu\u00e9s de haber acudido a una pastorela en su escuela, la secundaria general \u201cVicente Lombardo Toledano\u201d.<\/p>\n\n\n\n<p>Indic\u00f3 que su sobrina no huy\u00f3 por su cuenta y que personas muy cercanas a la ni\u00f1a, que no son sus familiares, habr\u00edan participado en su desaparici\u00f3n.<\/p>\n\n\n\n<p>\u201cComo lo dijimos desde un principio, la ni\u00f1a no se fue por cuenta propia, a la ni\u00f1a se la llevaron a la fuerza y hubo personas implicadas muy cercanas a ella, eso es lo que m\u00e1s nos duele tanto en este momento. No son del \u00e1mbito familiar (los implicados), eso es lo que la fiscal\u00eda quer\u00eda hacer ver pero no fue as\u00ed. Uno cree que conoce a sus hijos, uno cree que se comportan bien y fuera de casa son otros\u201d, a\u00f1adi\u00f3.<\/p>\n\n\n\n<p>La informaci\u00f3n fue proporcionada por una alumna de la secundaria mencionada, pese a la instrucci\u00f3n de las autoridades del plantel de no dar datos sobre la desaparici\u00f3n de F\u00e1tima.<\/p>\n\n\n\n<p>\u201cGracias a ellos, a los padres y a esta ni\u00f1a que aportaron la informaci\u00f3n hoy tenemos una l\u00ednea de investigaci\u00f3n, no podemos dar m\u00e1s datos porque la misma fiscal\u00eda as\u00ed lo pidi\u00f3 para no entorpecer la investigaci\u00f3n\u201d, expres\u00f3 la t\u00eda.<\/p>\n\n\n\n<p>Adem\u00e1s, Romero Gonz\u00e1lez pidi\u00f3 a las autoridades que se inicie una investigaci\u00f3n contra la directora de la escuela, Aurora Montero Hern\u00e1ndez, por haber incurrido en acciones que entorpecieron el proceso para la localizaci\u00f3n de la menor.<\/p>\n\n\n\n<p>Incluso, confirm\u00f3 que ya present\u00f3 una queja en la Secretar\u00eda de Educaci\u00f3n de Veracruz (SEV) y est\u00e1 en espera de una respuesta por parte de las autoridades de esta dependencia.<\/p>\n\n\n\n<p>\u201cA tres meses es la primera vez que alguien se atrevi\u00f3 a no hacer caso a esa directora, por qu\u00e9 aconsejar a todos sus maestros y alumnos a decir: no digan nada, yo no s\u00e9 si oculta algo o est\u00e1 amenazada o por qu\u00e9 raz\u00f3n estos consejos\u201d, enfatiz\u00f3 Guadalupe Rub\u00ed.<\/p>\n\n\n\n<p>La se\u00f1ora Blasina Gonz\u00e1lez Ballesteros, tutora y abuela de F\u00e1tima, sufri\u00f3 un infarto hace unas semanas; se cree que a ra\u00edz de la desaparici\u00f3n, pero afortunadamente est\u00e1 recuper\u00e1ndose.<\/p>\n","protected":false},"excerpt":{"rendered":"<p>Juan Arcos Xalapa, Ver.- Se fortalece una l\u00ednea de investigaci\u00f3n por la desaparici\u00f3n de la adolescente F\u00e1tima Cristal Gonz\u00e1lez Patlas, el pasado 9 de diciembre, en el municipio de Villa Aldama, que se encuentra en el Valle de Perote. Su t\u00eda Guadalupe Rub\u00ed Romero Gonz\u00e1lez protest\u00f3 frente a Palacio de Gobierno este jueves, a tres [&hellip;]<\/p>\n","protected":false},"author":2476,"featured_media":37797,"comment_status":"open","ping_status":"open","sticky":false,"template":"","format":"standard","meta":{"_jetpack_memberships_contains_paid_content":false,"footnotes":""},"categories":[8],"tags":[],"class_list":["post-37796","post","type-post","status-publish","format-standard","has-post-thumbnail","hentry","category-region"],"jetpack_featured_media_url":"https:\/\/encuentroinformativo.com.mx\/wp-content\/uploads\/2023\/03\/IMG_5926.jpg","jetpack_sharing_enabled":true,"jetpack_likes_enabled":true,"amp_enabled":true,"_links":{"self":[{"href":"https:\/\/encuentroinformativo.com.mx\/index.php?rest_route=\/wp\/v2\/posts\/37796","targetHints":{"allow":["GET"]}}],"collection":[{"href":"https:\/\/encuentroinformativo.com.mx\/index.php?rest_route=\/wp\/v2\/posts"}],"about":[{"href":"https:\/\/encuentroinformativo.com.mx\/index.php?rest_route=\/wp\/v2\/types\/post"}],"author":[{"embeddable":true,"href":"https:\/\/encuentroinformativo.com.mx\/index.php?rest_route=\/wp\/v2\/users\/2476"}],"replies":[{"embeddable":true,"href":"https:\/\/encuentroinformativo.com.mx\/index.php?rest_route=%2Fwp%2Fv2%2Fcomments&post=37796"}],"version-history":[{"count":1,"href":"https:\/\/encuentroinformativo.com.mx\/index.php?rest_route=\/wp\/v2\/posts\/37796\/revisions"}],"predecessor-version":[{"id":37798,"href":"https:\/\/encuentroinformativo.com.mx\/index.php?rest_route=\/wp\/v2\/posts\/37796\/revisions\/37798"}],"wp:featuredmedia":[{"embeddable":true,"href":"https:\/\/encuentroinformativo.com.mx\/index.php?rest_route=\/wp\/v2\/media\/37797"}],"wp:attachment":[{"href":"https:\/\/encuentroinformativo.com.mx\/index.php?rest_route=%2Fwp%2Fv2%2Fmedia&parent=37796"}],"wp:term":[{"taxonomy":"category","embeddable":true,"href":"https:\/\/encuentroinformativo.com.mx\/index.php?rest_route=%2Fwp%2Fv2%2Fcategories&post=37796"},{"taxonomy":"post_tag","embeddable":true,"href":"https:\/\/encuentroinformativo.com.mx\/index.php?rest_route=%2Fwp%2Fv2%2Ftags&post=37796"}],"curies":[{"name":"wp","href":"https:\/\/api.w.org\/{rel}","templated":true}]}}