{"id":37799,"date":"2023-03-09T12:43:29","date_gmt":"2023-03-09T18:43:29","guid":{"rendered":"https:\/\/encuentroinformativo.com.mx\/?p=37799"},"modified":"2023-03-09T12:43:32","modified_gmt":"2023-03-09T18:43:32","slug":"estudiantes-denuncian-acoso-en-el-ilustre-instituto-veracruzano","status":"publish","type":"post","link":"https:\/\/encuentroinformativo.com.mx\/?p=37799","title":{"rendered":"Estudiantes denuncian acoso en el Ilustre Instituto Veracruzano"},"content":{"rendered":"\n<p><strong>Alejandro \u00c1vila<\/strong><\/p>\n\n\n\n<p>Boca del R\u00edo, Ver.- Estudiantes del Ilustre Instituto Veracruzano se manifestaron a las afueras del plantel educativo para denunciar un presunto caso de acoso por parte de un compa\u00f1ero.<\/p>\n\n\n\n<p>Las j\u00f3venes denunciaron que un compa\u00f1ero de nombre Kevin ha violentado y ha acosado al menos a tres compa\u00f1eras al interior del sal\u00f3n de clases, a pesar de informar esto al director, este en conjunto con el resto de los docentes hicieron caso omiso de su se\u00f1alamientos.<\/p>\n\n\n\n<p>&#8220;Hay un prefecto que a las mujeres les ve las piernas, les ve la falda y nadie hace nada. Apenas que hoy decidimos levantar la voz y hacer un poco de ruido, ya el director sali\u00f3 a decir que est\u00e1 con nosotras y que nos apoya, cuando nunca lo ha hecho (\u2026) maestros y alumnos, y esto pasa todo el tiempo, pero eso lleg\u00f3 a ser m\u00e1s grave porque fueron tres las que \u00e9l violent\u00f3 dentro del sal\u00f3n de clases, en la propia aula, \u00bfd\u00edgame c\u00f3mo puedo sentirme segura yo?&#8221;, refut\u00f3 una estudiante.<\/p>\n\n\n\n<p>Al exterior del plantel educativo las j\u00f3venes colgaron cartulinas con diversas denuncias, de la misma manera, alzaron la voz denunciando la inseguridad que viven y el poco respaldo que tienen por parte de las autoridades escolares.<\/p>\n\n\n\n<p>Las manifestantes denunciaron que al joven, Kevin, lo hab\u00edan acusado por su indebido proceder desde hace meses; sin embargo, el \u00e1rea administrativa solo opt\u00f3 por cambiarlo de sal\u00f3n.<\/p>\n\n\n\n<figure class=\"wp-block-image size-large\"><img loading=\"lazy\" decoding=\"async\" width=\"1024\" height=\"768\" src=\"https:\/\/encuentroinformativo.com.mx\/wp-content\/uploads\/2023\/03\/IMG-20230309-WA0040-1024x768.jpg\" alt=\"\" class=\"wp-image-37801\" srcset=\"https:\/\/encuentroinformativo.com.mx\/wp-content\/uploads\/2023\/03\/IMG-20230309-WA0040-1024x768.jpg 1024w, https:\/\/encuentroinformativo.com.mx\/wp-content\/uploads\/2023\/03\/IMG-20230309-WA0040-300x225.jpg 300w, https:\/\/encuentroinformativo.com.mx\/wp-content\/uploads\/2023\/03\/IMG-20230309-WA0040-768x576.jpg 768w, https:\/\/encuentroinformativo.com.mx\/wp-content\/uploads\/2023\/03\/IMG-20230309-WA0040-1536x1153.jpg 1536w, https:\/\/encuentroinformativo.com.mx\/wp-content\/uploads\/2023\/03\/IMG-20230309-WA0040.jpg 1599w\" sizes=\"auto, (max-width: 1024px) 100vw, 1024px\" \/><\/figure>\n","protected":false},"excerpt":{"rendered":"<p>Alejandro \u00c1vila Boca del R\u00edo, Ver.- Estudiantes del Ilustre Instituto Veracruzano se manifestaron a las afueras del plantel educativo para denunciar un presunto caso de acoso por parte de un compa\u00f1ero. Las j\u00f3venes denunciaron que un compa\u00f1ero de nombre Kevin ha violentado y ha acosado al menos a tres compa\u00f1eras al interior del sal\u00f3n de [&hellip;]<\/p>\n","protected":false},"author":2476,"featured_media":37800,"comment_status":"open","ping_status":"open","sticky":false,"template":"","format":"standard","meta":{"_jetpack_memberships_contains_paid_content":false,"footnotes":""},"categories":[2],"tags":[],"class_list":["post-37799","post","type-post","status-publish","format-standard","has-post-thumbnail","hentry","category-estado"],"jetpack_featured_media_url":"https:\/\/encuentroinformativo.com.mx\/wp-content\/uploads\/2023\/03\/IMG-20230309-WA0042.jpg","jetpack_sharing_enabled":true,"jetpack_likes_enabled":true,"amp_enabled":true,"_links":{"self":[{"href":"https:\/\/encuentroinformativo.com.mx\/index.php?rest_route=\/wp\/v2\/posts\/37799","targetHints":{"allow":["GET"]}}],"collection":[{"href":"https:\/\/encuentroinformativo.com.mx\/index.php?rest_route=\/wp\/v2\/posts"}],"about":[{"href":"https:\/\/encuentroinformativo.com.mx\/index.php?rest_route=\/wp\/v2\/types\/post"}],"author":[{"embeddable":true,"href":"https:\/\/encuentroinformativo.com.mx\/index.php?rest_route=\/wp\/v2\/users\/2476"}],"replies":[{"embeddable":true,"href":"https:\/\/encuentroinformativo.com.mx\/index.php?rest_route=%2Fwp%2Fv2%2Fcomments&post=37799"}],"version-history":[{"count":1,"href":"https:\/\/encuentroinformativo.com.mx\/index.php?rest_route=\/wp\/v2\/posts\/37799\/revisions"}],"predecessor-version":[{"id":37802,"href":"https:\/\/encuentroinformativo.com.mx\/index.php?rest_route=\/wp\/v2\/posts\/37799\/revisions\/37802"}],"wp:featuredmedia":[{"embeddable":true,"href":"https:\/\/encuentroinformativo.com.mx\/index.php?rest_route=\/wp\/v2\/media\/37800"}],"wp:attachment":[{"href":"https:\/\/encuentroinformativo.com.mx\/index.php?rest_route=%2Fwp%2Fv2%2Fmedia&parent=37799"}],"wp:term":[{"taxonomy":"category","embeddable":true,"href":"https:\/\/encuentroinformativo.com.mx\/index.php?rest_route=%2Fwp%2Fv2%2Fcategories&post=37799"},{"taxonomy":"post_tag","embeddable":true,"href":"https:\/\/encuentroinformativo.com.mx\/index.php?rest_route=%2Fwp%2Fv2%2Ftags&post=37799"}],"curies":[{"name":"wp","href":"https:\/\/api.w.org\/{rel}","templated":true}]}}