{"id":3780,"date":"2020-07-01T16:50:12","date_gmt":"2020-07-01T21:50:12","guid":{"rendered":"https:\/\/encuentroinformativo.com\/?p=3780"},"modified":"2020-07-01T16:50:23","modified_gmt":"2020-07-01T21:50:23","slug":"cuestiona-prd-nulos-resultados-de-la-4t","status":"publish","type":"post","link":"https:\/\/encuentroinformativo.com.mx\/?p=3780","title":{"rendered":"Cuestiona PRD nulos resultados de la 4T"},"content":{"rendered":"\n<p><strong>Juan Arcos<\/strong><\/p>\n\n\n\n<p>Xalapa, Ver.- El dirigente estatal del Partido de la Revoluci\u00f3n Democr\u00e1tica (PRD), Jes\u00fas Vel\u00e1zquez Flores, critic\u00f3 el desempe\u00f1o del Movimiento de Regeneraci\u00f3n Nacional (Morena) en el poder, en los dos primeros a\u00f1os del gobierno federal y estatal.<\/p>\n\n\n\n<p>En ese sentido, neg\u00f3 que haya avances en econom\u00eda, salud, educaci\u00f3n, seguridad o en cualquier otro rubro.<\/p>\n\n\n\n<p>El l\u00edder del Sol Azteca en Veracruz indic\u00f3 que adem\u00e1s ha sido notorio el crecimiento de la pobreza a nivel estatal y federal.<\/p>\n\n\n\n<p>\u201cHan mostrado sus limitaciones, su incapacidad para llevar las riendas del pa\u00eds y del estado; los cargos les quedaron grandes y tampoco tienen la m\u00ednima idea de qu\u00e9 hacer\u201d.<\/p>\n\n\n\n<p>Por otra parte, Vel\u00e1zquez Flores pidi\u00f3 la renuncia del secretario de Seguridad P\u00fablica de Veracruz, Hugo Guti\u00e9rrez Maldonado.<\/p>\n\n\n\n<p>A su juicio, han incrementado las ejecuciones por parte del crimen organizado, sin acciones precisas de la Secretar\u00eda de Seguridad P\u00fablica (SSP), para evitarlas.<\/p>\n\n\n\n<p>\u201cHa sido se\u00f1alado de manera reiterada de tener presuntos v\u00ednculos con la delincuencia, incluso cuando estuvo en Nuevo Le\u00f3n fue se\u00f1alado por corrupci\u00f3n por lo que fue destituido del Centro de Operaciones Estrat\u00e9gicas de la Procuradur\u00eda de Justicia en 2016; antes, en 2012 fue despedido de la Secretar\u00eda de Seguridad de Saltillo, Coahuila por su presunta vinculaci\u00f3n a secuestro y cobro de piso\u201d.<\/p>\n\n\n\n<p>En ese sentido, el dirigente perredista repudi\u00f3 que Veracruz ocupe los primeros lugares a nivel nacional en secuestro y feminicidios.<\/p>\n\n\n\n<p><\/p>\n","protected":false},"excerpt":{"rendered":"<p>Juan Arcos Xalapa, Ver.- El dirigente estatal del Partido de la Revoluci\u00f3n Democr\u00e1tica (PRD), Jes\u00fas Vel\u00e1zquez Flores, critic\u00f3 el desempe\u00f1o del Movimiento de Regeneraci\u00f3n Nacional (Morena) en el poder, en los dos primeros a\u00f1os del gobierno federal y estatal. En ese sentido, neg\u00f3 que haya avances en econom\u00eda, salud, educaci\u00f3n, seguridad o en cualquier otro [&hellip;]<\/p>\n","protected":false},"author":1,"featured_media":3781,"comment_status":"open","ping_status":"open","sticky":false,"template":"","format":"standard","meta":{"_jetpack_memberships_contains_paid_content":false,"footnotes":""},"categories":[2],"tags":[],"class_list":["post-3780","post","type-post","status-publish","format-standard","has-post-thumbnail","hentry","category-estado"],"jetpack_featured_media_url":"https:\/\/encuentroinformativo.com.mx\/wp-content\/uploads\/2020\/07\/30B73C3E-8EA6-4E17-B70F-0C6347BB3E86.jpeg","jetpack_sharing_enabled":true,"jetpack_likes_enabled":true,"amp_enabled":true,"_links":{"self":[{"href":"https:\/\/encuentroinformativo.com.mx\/index.php?rest_route=\/wp\/v2\/posts\/3780","targetHints":{"allow":["GET"]}}],"collection":[{"href":"https:\/\/encuentroinformativo.com.mx\/index.php?rest_route=\/wp\/v2\/posts"}],"about":[{"href":"https:\/\/encuentroinformativo.com.mx\/index.php?rest_route=\/wp\/v2\/types\/post"}],"author":[{"embeddable":true,"href":"https:\/\/encuentroinformativo.com.mx\/index.php?rest_route=\/wp\/v2\/users\/1"}],"replies":[{"embeddable":true,"href":"https:\/\/encuentroinformativo.com.mx\/index.php?rest_route=%2Fwp%2Fv2%2Fcomments&post=3780"}],"version-history":[{"count":1,"href":"https:\/\/encuentroinformativo.com.mx\/index.php?rest_route=\/wp\/v2\/posts\/3780\/revisions"}],"predecessor-version":[{"id":3782,"href":"https:\/\/encuentroinformativo.com.mx\/index.php?rest_route=\/wp\/v2\/posts\/3780\/revisions\/3782"}],"wp:featuredmedia":[{"embeddable":true,"href":"https:\/\/encuentroinformativo.com.mx\/index.php?rest_route=\/wp\/v2\/media\/3781"}],"wp:attachment":[{"href":"https:\/\/encuentroinformativo.com.mx\/index.php?rest_route=%2Fwp%2Fv2%2Fmedia&parent=3780"}],"wp:term":[{"taxonomy":"category","embeddable":true,"href":"https:\/\/encuentroinformativo.com.mx\/index.php?rest_route=%2Fwp%2Fv2%2Fcategories&post=3780"},{"taxonomy":"post_tag","embeddable":true,"href":"https:\/\/encuentroinformativo.com.mx\/index.php?rest_route=%2Fwp%2Fv2%2Ftags&post=3780"}],"curies":[{"name":"wp","href":"https:\/\/api.w.org\/{rel}","templated":true}]}}