{"id":37803,"date":"2023-03-09T13:35:15","date_gmt":"2023-03-09T19:35:15","guid":{"rendered":"https:\/\/encuentroinformativo.com.mx\/?p=37803"},"modified":"2023-03-09T13:35:19","modified_gmt":"2023-03-09T19:35:19","slug":"marchan-taxistas-piden-homologar-ley-de-movilidad","status":"publish","type":"post","link":"https:\/\/encuentroinformativo.com.mx\/?p=37803","title":{"rendered":"Marchan taxistas, piden homologar Ley de Movilidad"},"content":{"rendered":"\n<p><strong>Dar\u00edo Pale <\/strong><\/p>\n\n\n\n<p>Xalapa, Ver.- Ignacio Rodr\u00edguez Meza presidente del comit\u00e9 ejecutivo nacional del Movimiento Nacional de Taxistas (MNT), se\u00f1al\u00f3 que la marcha del d\u00eda de hoy es para entregar un oficio al gobernador del estado o en su defecto al Secretario de gobierno para homologar la nueva Ley de Movilidad y Seguridad Vial.<\/p>\n\n\n\n<p>Entrevistado durante la manifestaci\u00f3n dio a conocer que en esta ocasi\u00f3n hacen presencia desde la directiva nacional en apoyo y respaldo al comit\u00e9 estatal de Veracruz, al igual que a los comit\u00e9s regionales para llevar a cabo una caminata a palacio de gobierno y hacer entrega un oficio de petici\u00f3n dirigido al gobernador Cuitl\u00e1huac Garc\u00eda Jim\u00e9nez.<\/p>\n\n\n\n<p>Lo anterior se debe a que en el estado se vive un proceso de modificaci\u00f3n a la Ley de Transporte, ellos como transportistas integrantes del MNT, est\u00e1n muy interesados en saber y tener la informaci\u00f3n oportuna en torno a las modificaciones que seguramente har\u00e1n en esta materia desde el punto de vista jur\u00eddico.<\/p>\n\n\n\n<p>Con la entrega del oficio quieren recibir la atenci\u00f3n debida de las autoridades en especial del gobernador o en su defecto la del secretario de gobierno Eric Cisneros Burgos, ya que les han comentado que en el Congreso no cuentan con esa informaci\u00f3n y que se tienen que dirigir a las autoridades ejecutivas para solicitar dicha informaci\u00f3n.<\/p>\n\n\n\n<p>Se\u00f1al\u00f3 que es la primera vez en la historia de M\u00e9xico se vive la aplicaci\u00f3n de una nueva ley de Movilidad y Seguridad Vial la cual fue creada desde el congreso de la Uni\u00f3n para las 32 entidades que integran el pa\u00eds hoy el estado de Veracruz pasa por ese proceso de armonizaci\u00f3n donde deber\u00e1 modificar y adecuar sus leyes para adaptarla a los principios rectores que van en dicha Ley.<\/p>\n\n\n\n<p>&#8220;Es de todo nuestro inter\u00e9s como transportistas tener esa informaci\u00f3n oportuna de c\u00f3mo ser\u00e1 modificada esta ley cuidando desde luego el beneficio general de nuestros usuarios y de nosotros tambi\u00e9n como transportistas&#8221;, se\u00f1al\u00f3.<\/p>\n\n\n\n<p>Dio a conocer que cualquier cosa que se pueda decir es mera especulaci\u00f3n ya que no tienen argumentos s\u00f3lidos, es por ellos que est\u00e1n solicitando la informaci\u00f3n pero hay un tema relevante que les preocupa mucho que es el servicio que se empez\u00f3 a dar por medio de aplicaciones.<\/p>\n\n\n\n<p>Ya escucharon algunas declaraciones del gobernador donde no permitir\u00e1 que se preste dicho servicio en plataformas, no obstante lo tienen que revisar con mucha puntualidad y es un buen momento para trabajar de manera conjunta con el gobierno.<\/p>\n\n\n\n<p>Finalmente se\u00f1al\u00f3 que el plazo para homologar la Ley ya se venci\u00f3 en los transitorios de la Ley general de Movilidad marca 180 d\u00edas para generar la armonizaci\u00f3n de la dicha ley y eso les preocupa.<\/p>\n\n\n\n<figure class=\"wp-block-image size-large\"><img loading=\"lazy\" decoding=\"async\" width=\"1024\" height=\"682\" src=\"https:\/\/encuentroinformativo.com.mx\/wp-content\/uploads\/2023\/03\/IMG-20230309-WA0053-1024x682.jpg\" alt=\"\" class=\"wp-image-37805\" srcset=\"https:\/\/encuentroinformativo.com.mx\/wp-content\/uploads\/2023\/03\/IMG-20230309-WA0053-1024x682.jpg 1024w, https:\/\/encuentroinformativo.com.mx\/wp-content\/uploads\/2023\/03\/IMG-20230309-WA0053-300x200.jpg 300w, https:\/\/encuentroinformativo.com.mx\/wp-content\/uploads\/2023\/03\/IMG-20230309-WA0053-768x512.jpg 768w, https:\/\/encuentroinformativo.com.mx\/wp-content\/uploads\/2023\/03\/IMG-20230309-WA0053.jpg 1280w\" sizes=\"auto, (max-width: 1024px) 100vw, 1024px\" \/><\/figure>\n","protected":false},"excerpt":{"rendered":"<p>Dar\u00edo Pale Xalapa, Ver.- Ignacio Rodr\u00edguez Meza presidente del comit\u00e9 ejecutivo nacional del Movimiento Nacional de Taxistas (MNT), se\u00f1al\u00f3 que la marcha del d\u00eda de hoy es para entregar un oficio al gobernador del estado o en su defecto al Secretario de gobierno para homologar la nueva Ley de Movilidad y Seguridad Vial. Entrevistado durante [&hellip;]<\/p>\n","protected":false},"author":2476,"featured_media":37804,"comment_status":"open","ping_status":"open","sticky":false,"template":"","format":"standard","meta":{"_jetpack_memberships_contains_paid_content":false,"footnotes":""},"categories":[2],"tags":[],"class_list":["post-37803","post","type-post","status-publish","format-standard","has-post-thumbnail","hentry","category-estado"],"jetpack_featured_media_url":"https:\/\/encuentroinformativo.com.mx\/wp-content\/uploads\/2023\/03\/IMG-20230309-WA0062.jpg","jetpack_sharing_enabled":true,"jetpack_likes_enabled":true,"amp_enabled":true,"_links":{"self":[{"href":"https:\/\/encuentroinformativo.com.mx\/index.php?rest_route=\/wp\/v2\/posts\/37803","targetHints":{"allow":["GET"]}}],"collection":[{"href":"https:\/\/encuentroinformativo.com.mx\/index.php?rest_route=\/wp\/v2\/posts"}],"about":[{"href":"https:\/\/encuentroinformativo.com.mx\/index.php?rest_route=\/wp\/v2\/types\/post"}],"author":[{"embeddable":true,"href":"https:\/\/encuentroinformativo.com.mx\/index.php?rest_route=\/wp\/v2\/users\/2476"}],"replies":[{"embeddable":true,"href":"https:\/\/encuentroinformativo.com.mx\/index.php?rest_route=%2Fwp%2Fv2%2Fcomments&post=37803"}],"version-history":[{"count":1,"href":"https:\/\/encuentroinformativo.com.mx\/index.php?rest_route=\/wp\/v2\/posts\/37803\/revisions"}],"predecessor-version":[{"id":37806,"href":"https:\/\/encuentroinformativo.com.mx\/index.php?rest_route=\/wp\/v2\/posts\/37803\/revisions\/37806"}],"wp:featuredmedia":[{"embeddable":true,"href":"https:\/\/encuentroinformativo.com.mx\/index.php?rest_route=\/wp\/v2\/media\/37804"}],"wp:attachment":[{"href":"https:\/\/encuentroinformativo.com.mx\/index.php?rest_route=%2Fwp%2Fv2%2Fmedia&parent=37803"}],"wp:term":[{"taxonomy":"category","embeddable":true,"href":"https:\/\/encuentroinformativo.com.mx\/index.php?rest_route=%2Fwp%2Fv2%2Fcategories&post=37803"},{"taxonomy":"post_tag","embeddable":true,"href":"https:\/\/encuentroinformativo.com.mx\/index.php?rest_route=%2Fwp%2Fv2%2Ftags&post=37803"}],"curies":[{"name":"wp","href":"https:\/\/api.w.org\/{rel}","templated":true}]}}