{"id":37810,"date":"2023-03-09T14:25:40","date_gmt":"2023-03-09T20:25:40","guid":{"rendered":"https:\/\/encuentroinformativo.com.mx\/?p=37810"},"modified":"2023-03-09T14:25:44","modified_gmt":"2023-03-09T20:25:44","slug":"veracruz-prioriza-tres-objetivos-para-cumplir-con-la-agenda-2030","status":"publish","type":"post","link":"https:\/\/encuentroinformativo.com.mx\/?p=37810","title":{"rendered":"Veracruz prioriza tres objetivos para cumplir con la agenda 2030"},"content":{"rendered":"\n<p><strong>Alejandro \u00c1vila<\/strong><\/p>\n\n\n\n<p>Veracruz, Ver.- La titular de la Oficina de Programa de Gobierno, Waltraud Mart\u00ednez Olvera, resalt\u00f3 que existen tres objetivos claves que deben seguir para cumplir con la agenda 2030.<\/p>\n\n\n\n<p>&#8220;Disminuci\u00f3n de las desigualdades, que es lo que busca un enfoque humanista, s\u00ed, entendiendo que el bienestar de las personas est\u00e1 s\u00faper relacionado con el bienestar ambiental y la democracia econ\u00f3mica, entonces afortunadamente tenemos indicadores positivos al respecto. Reducci\u00f3n de las desigualdades en lo que tiene que ver con pobreza extrema, la hemos ido disminuyendo, se ha democratizado o dispersado el acceso a lo que es oportunidades de ocupaci\u00f3n lo podemos ver tan solo en el tema tur\u00edstico, cpmo se han abierto mayores ofertas a lo largo del Estado, no solo en destinos t\u00edpicos, y bueno, eso es flujo de dinero inmediato&#8221;, remat\u00f3.<\/p>\n\n\n\n<p>En cu\u00e1nto al tema ambiental, resalt\u00f3 el programa que pr\u00f3ximamente se pondr\u00e1 en marcha, la rehabilitaci\u00f3n de los cuerpos de agua del Sistema Lagunar Interdunario de Veracruz.<\/p>\n\n\n\n<p>En otro tema, descart\u00f3 que exista presi\u00f3n alguna contra los trabajadores del Gobierno del Estado de Veracruz, para que acudan el pr\u00f3ximo 18 de marzo a la &#8220;Marcha por la Soberan\u00eda&#8221;, que promueve el presidente Andr\u00e9s Manuel L\u00f3pez Obrador.<\/p>\n\n\n\n<p>&#8220;Pues yo no tengo noticias al respecto de que alguien est\u00e9 obligando, todos los d\u00edas sale el presidente Andr\u00e9s Manuel L\u00f3pez Obrador a hacer una conferencia, todos podemos verla y estar informados, \u00e9l ha invitado, tiene d\u00edas que \u00e9l ha invitado a esta defensa de la soberan\u00eda nacional que para esta administraci\u00f3n ha sido clave del movimiento que lo trae ahora como representante del ejecutivo nacional&#8221;, apunt\u00f3.<\/p>\n","protected":false},"excerpt":{"rendered":"<p>Alejandro \u00c1vila Veracruz, Ver.- La titular de la Oficina de Programa de Gobierno, Waltraud Mart\u00ednez Olvera, resalt\u00f3 que existen tres objetivos claves que deben seguir para cumplir con la agenda 2030. &#8220;Disminuci\u00f3n de las desigualdades, que es lo que busca un enfoque humanista, s\u00ed, entendiendo que el bienestar de las personas est\u00e1 s\u00faper relacionado con [&hellip;]<\/p>\n","protected":false},"author":2476,"featured_media":37811,"comment_status":"open","ping_status":"open","sticky":false,"template":"","format":"standard","meta":{"_jetpack_memberships_contains_paid_content":false,"footnotes":""},"categories":[2],"tags":[],"class_list":["post-37810","post","type-post","status-publish","format-standard","has-post-thumbnail","hentry","category-estado"],"jetpack_featured_media_url":"https:\/\/encuentroinformativo.com.mx\/wp-content\/uploads\/2023\/03\/IMG-20230309-WA00832.jpg","jetpack_sharing_enabled":true,"jetpack_likes_enabled":true,"amp_enabled":true,"_links":{"self":[{"href":"https:\/\/encuentroinformativo.com.mx\/index.php?rest_route=\/wp\/v2\/posts\/37810","targetHints":{"allow":["GET"]}}],"collection":[{"href":"https:\/\/encuentroinformativo.com.mx\/index.php?rest_route=\/wp\/v2\/posts"}],"about":[{"href":"https:\/\/encuentroinformativo.com.mx\/index.php?rest_route=\/wp\/v2\/types\/post"}],"author":[{"embeddable":true,"href":"https:\/\/encuentroinformativo.com.mx\/index.php?rest_route=\/wp\/v2\/users\/2476"}],"replies":[{"embeddable":true,"href":"https:\/\/encuentroinformativo.com.mx\/index.php?rest_route=%2Fwp%2Fv2%2Fcomments&post=37810"}],"version-history":[{"count":1,"href":"https:\/\/encuentroinformativo.com.mx\/index.php?rest_route=\/wp\/v2\/posts\/37810\/revisions"}],"predecessor-version":[{"id":37812,"href":"https:\/\/encuentroinformativo.com.mx\/index.php?rest_route=\/wp\/v2\/posts\/37810\/revisions\/37812"}],"wp:featuredmedia":[{"embeddable":true,"href":"https:\/\/encuentroinformativo.com.mx\/index.php?rest_route=\/wp\/v2\/media\/37811"}],"wp:attachment":[{"href":"https:\/\/encuentroinformativo.com.mx\/index.php?rest_route=%2Fwp%2Fv2%2Fmedia&parent=37810"}],"wp:term":[{"taxonomy":"category","embeddable":true,"href":"https:\/\/encuentroinformativo.com.mx\/index.php?rest_route=%2Fwp%2Fv2%2Fcategories&post=37810"},{"taxonomy":"post_tag","embeddable":true,"href":"https:\/\/encuentroinformativo.com.mx\/index.php?rest_route=%2Fwp%2Fv2%2Ftags&post=37810"}],"curies":[{"name":"wp","href":"https:\/\/api.w.org\/{rel}","templated":true}]}}