{"id":37822,"date":"2023-03-10T09:40:02","date_gmt":"2023-03-10T15:40:02","guid":{"rendered":"https:\/\/encuentroinformativo.com.mx\/?p=37822"},"modified":"2023-03-10T09:40:06","modified_gmt":"2023-03-10T15:40:06","slug":"la-consen-de-cuic","status":"publish","type":"post","link":"https:\/\/encuentroinformativo.com.mx\/?p=37822","title":{"rendered":"LA CONSEN DE CUIC"},"content":{"rendered":"\n<p><strong>Los Pol\u00edticos<\/strong><\/p>\n\n\n\n<p><strong>Salvador Mu\u00f1oz<\/strong><\/p>\n\n\n\n<p>En el Morena de Veracruz, est\u00e1 m\u00e1s que claro que la disputa que hay en estos momentos hasta la hora de las definiciones, ser\u00e1 para la Senadur\u00eda.<\/p>\n\n\n\n<p>La mayor\u00eda de los querientes por un esca\u00f1o son varones, entre los que sobresalen todos, toditos los que han y hemos citado en diversos espacios como suspirantes a la Gubernatura, como Zenyazen Escobar, Bola 8, Juan Javier G\u00f3mez Cazar\u00edn y Manuel Huerta Ladr\u00f3n de Guevara, bajo el entendido de que #EsChio la Elegida.<\/p>\n\n\n\n<p>Si sus pretensiones son reales, los que entienden del teje y maneje de la pol\u00edtica, saben que de aqu\u00ed hasta d\u00eda D cuando se decida al gallo para la competencia electoral por ese esca\u00f1o, tienen dos tareas que hacer:<\/p>\n\n\n\n<p>1.- Darle duro a la matraca para hacerse notar as\u00ed como ponerse levadura para crecer o esponjarse\u2026 y<\/p>\n\n\n\n<p>2.- Hacer amarres en las altas esferas del Poder, es decir, en el Gobierno federal, si se puede con el Tlatoani o con sus m\u00e1s cercanos colaboradores, de \u00e9sos que le susurran al o\u00eddo\u2026<\/p>\n\n\n\n<p>La segunda de las tareas es la m\u00e1s relevante y eso lo saben los que, insisto, saben c\u00f3mo masca la iguana en estos avatares de la pol\u00edtica\u2026&nbsp;<\/p>\n\n\n\n<p>Y son \u00e9sos los que aseguran que la definici\u00f3n de la candidatura para un esca\u00f1o se da en tres niveles\u2026<\/p>\n\n\n\n<p>El primero, al candidato o la candidata lo designan desde Palacio de Gobierno federal\u2026 o bien, \u00e9sos que le susurran al o\u00eddo al Pejedente\u2026<\/p>\n\n\n\n<p>El segundo, al candidato o la candidata lo designan desde Palacio de Enr\u00edquez\u2026 s\u00ed, es la gracia que le conceden al Gobernador\u2026<\/p>\n\n\n\n<p>Tercero, al partido le dan la oportunidad de alguna baraja para ver si es chicle y pega\u2026 vamos, ponerle fe a una chiripada\u2026<\/p>\n\n\n\n<p>Luego entonces, con esos antecedentes, en la lista de aspirantes a un esca\u00f1o aqu\u00ed citados, qui\u00e9n cree usted que est\u00e9 mejor posicionado en el Primer Rango de los tres ac\u00e1 citados: Manuel Huerta, Zenyazen, Cazar\u00edn o Bola 8?<\/p>\n\n\n\n<p>A ojo de buen cubero, en funci\u00f3n de amistad, de experiencia y hasta de colmillo, me aventuro a decir que Manuel Huerta Ladr\u00f3n de Guevara\u2026 pero es una observaci\u00f3n expuesta por mera percepci\u00f3n\u2026 as\u00ed que no se calienten, garnachas.<\/p>\n\n\n\n<p>Aunque si nos abocamos a la segunda tarea, la de los amarres (si se puede con el Tlatoani o con sus m\u00e1s cercanos colaboradores, de \u00e9sos que le susurran al o\u00eddo), igual podr\u00eda asegurar que el mejor posicionado en ese rango es Manuel Huerta Ladr\u00f3n de Guevara y Juan Javier G\u00f3mez Cazar\u00edn\u2026<\/p>\n\n\n\n<p>Luego entonces, si en este momento se hubiera de decidir la candidatura a la Senadur\u00eda, \u00e9sta ser\u00eda para Manuel Huerta\u2026 el asunto entonces se pone m\u00e1s interesante con la siguiente pregunta: \u00bfQui\u00e9n acompa\u00f1ar\u00eda pues, a Manolo en la f\u00f3rmula?<\/p>\n\n\n\n<p>All\u00ed tendr\u00edamos que acudir al Segundo Rango arriba citado: La gracia que le conceden al Gobernador para elegir una carta.<\/p>\n\n\n\n<p>No hay que ser un genio para saber qui\u00e9n ha sido, es y ser\u00e1 \u201cla Consen\u201d de Cuitl\u00e1huac a lo largo de su administraci\u00f3n\u2026 \u00a1s\u00ed! \u00a1Dorheny Garc\u00eda Cayetano!<\/p>\n\n\n\n<p>La joven secretaria del Trabajo tiene todo para hacerle los honores a tal candidatura\u2026 bueno, nada m\u00e1s los fuertes lazos que la unen con el mandatario estatal.<\/p>\n\n\n\n<p>\u00bfUstedes ven a otra mujer en el coraz\u00f3n de Cuitl\u00e1huac? No\u2026 yo no\u2026<\/p>\n\n\n\n<p>\u00bfY qu\u00e9 pasa con el resto, Zenyazen, Cazar\u00edn y Bola 8\u2026? Bueno, ser\u00e1 ocasi\u00f3n para otra columna\u2026<\/p>\n","protected":false},"excerpt":{"rendered":"<p>Los Pol\u00edticos Salvador Mu\u00f1oz En el Morena de Veracruz, est\u00e1 m\u00e1s que claro que la disputa que hay en estos momentos hasta la hora de las definiciones, ser\u00e1 para la Senadur\u00eda. La mayor\u00eda de los querientes por un esca\u00f1o son varones, entre los que sobresalen todos, toditos los que han y hemos citado en diversos [&hellip;]<\/p>\n","protected":false},"author":2476,"featured_media":387,"comment_status":"open","ping_status":"open","sticky":false,"template":"","format":"standard","meta":{"_jetpack_memberships_contains_paid_content":false,"footnotes":""},"categories":[11],"tags":[],"class_list":["post-37822","post","type-post","status-publish","format-standard","has-post-thumbnail","hentry","category-opinion"],"jetpack_featured_media_url":"https:\/\/encuentroinformativo.com.mx\/wp-content\/uploads\/2020\/03\/7CF8A22B-2764-47BE-8F7F-38FE9E5D6A2F.jpeg","jetpack_sharing_enabled":true,"jetpack_likes_enabled":true,"amp_enabled":true,"_links":{"self":[{"href":"https:\/\/encuentroinformativo.com.mx\/index.php?rest_route=\/wp\/v2\/posts\/37822","targetHints":{"allow":["GET"]}}],"collection":[{"href":"https:\/\/encuentroinformativo.com.mx\/index.php?rest_route=\/wp\/v2\/posts"}],"about":[{"href":"https:\/\/encuentroinformativo.com.mx\/index.php?rest_route=\/wp\/v2\/types\/post"}],"author":[{"embeddable":true,"href":"https:\/\/encuentroinformativo.com.mx\/index.php?rest_route=\/wp\/v2\/users\/2476"}],"replies":[{"embeddable":true,"href":"https:\/\/encuentroinformativo.com.mx\/index.php?rest_route=%2Fwp%2Fv2%2Fcomments&post=37822"}],"version-history":[{"count":1,"href":"https:\/\/encuentroinformativo.com.mx\/index.php?rest_route=\/wp\/v2\/posts\/37822\/revisions"}],"predecessor-version":[{"id":37823,"href":"https:\/\/encuentroinformativo.com.mx\/index.php?rest_route=\/wp\/v2\/posts\/37822\/revisions\/37823"}],"wp:featuredmedia":[{"embeddable":true,"href":"https:\/\/encuentroinformativo.com.mx\/index.php?rest_route=\/wp\/v2\/media\/387"}],"wp:attachment":[{"href":"https:\/\/encuentroinformativo.com.mx\/index.php?rest_route=%2Fwp%2Fv2%2Fmedia&parent=37822"}],"wp:term":[{"taxonomy":"category","embeddable":true,"href":"https:\/\/encuentroinformativo.com.mx\/index.php?rest_route=%2Fwp%2Fv2%2Fcategories&post=37822"},{"taxonomy":"post_tag","embeddable":true,"href":"https:\/\/encuentroinformativo.com.mx\/index.php?rest_route=%2Fwp%2Fv2%2Ftags&post=37822"}],"curies":[{"name":"wp","href":"https:\/\/api.w.org\/{rel}","templated":true}]}}