{"id":37824,"date":"2023-03-10T11:00:12","date_gmt":"2023-03-10T17:00:12","guid":{"rendered":"https:\/\/encuentroinformativo.com.mx\/?p=37824"},"modified":"2023-03-10T11:00:16","modified_gmt":"2023-03-10T17:00:16","slug":"reconoce-alito-labor-de-medios-de-comunicacion","status":"publish","type":"post","link":"https:\/\/encuentroinformativo.com.mx\/?p=37824","title":{"rendered":"Reconoce \u201cAlito\u201d labor de medios de comunicaci\u00f3n"},"content":{"rendered":"\n<p><strong>Redacci\u00f3n<\/strong><\/p>\n\n\n\n<p>Xalapa, Ver.- La ma\u00f1ana de este viernes Alejandro Moreno C\u00e1rdenas \u201cAlito\u201d l\u00edder nacional del Partido Revolucionario Institucional (PRI) se reuni\u00f3 con representantes de medios de comunicaci\u00f3n en la capital del estado.<\/p>\n\n\n\n<p>Durante un desayuno denominado un \u201cEncuentro de Agradecimiento\u201d el l\u00edder partidista reconoci\u00f3 la labor que realizan de manera cotidiana los trabajadores de medios de comunicaci\u00f3n.<\/p>\n\n\n\n<p>Acompa\u00f1ado del diputado local, Marlon Ram\u00edrez Mar\u00edn, el dirigente del partido tricolor aprovech\u00f3 para se\u00f1alar los hechos de violencia que afectan a los periodistas en el sexenio actual. \u201cNo puede ser posible que no puedan realizar su labor libremente con apertura, en m\u00e1s de 40 a\u00f1os no hab\u00edamos visto un ataque frontal, sistem\u00e1tico desde el gobierno de la Rep\u00fablica hacia ustedes\u201d.<\/p>\n\n\n\n<p>Del mismo modo, hizo alusi\u00f3n a los temas de econom\u00eda que est\u00e1n afectando al pa\u00eds con la inflaci\u00f3n.<\/p>\n\n\n\n<p>Al t\u00e9rmino del desayuno el l\u00edder nacional pri\u00edsta se traslad\u00f3 al Comit\u00e9 Directivo Estatal del PRI en la Avenida Adolfo Ruiz Cortones, donde entregar\u00eda un reconocimiento al Licenciado Carlos Brito G\u00f3mez.<\/p>\n","protected":false},"excerpt":{"rendered":"<p>Redacci\u00f3n Xalapa, Ver.- La ma\u00f1ana de este viernes Alejandro Moreno C\u00e1rdenas \u201cAlito\u201d l\u00edder nacional del Partido Revolucionario Institucional (PRI) se reuni\u00f3 con representantes de medios de comunicaci\u00f3n en la capital del estado. Durante un desayuno denominado un \u201cEncuentro de Agradecimiento\u201d el l\u00edder partidista reconoci\u00f3 la labor que realizan de manera cotidiana los trabajadores de medios [&hellip;]<\/p>\n","protected":false},"author":2476,"featured_media":37825,"comment_status":"open","ping_status":"open","sticky":false,"template":"","format":"standard","meta":{"_jetpack_memberships_contains_paid_content":false,"footnotes":""},"categories":[2],"tags":[],"class_list":["post-37824","post","type-post","status-publish","format-standard","has-post-thumbnail","hentry","category-estado"],"jetpack_featured_media_url":"https:\/\/encuentroinformativo.com.mx\/wp-content\/uploads\/2023\/03\/Photo_1678467230297.jpg","jetpack_sharing_enabled":true,"jetpack_likes_enabled":true,"amp_enabled":true,"_links":{"self":[{"href":"https:\/\/encuentroinformativo.com.mx\/index.php?rest_route=\/wp\/v2\/posts\/37824","targetHints":{"allow":["GET"]}}],"collection":[{"href":"https:\/\/encuentroinformativo.com.mx\/index.php?rest_route=\/wp\/v2\/posts"}],"about":[{"href":"https:\/\/encuentroinformativo.com.mx\/index.php?rest_route=\/wp\/v2\/types\/post"}],"author":[{"embeddable":true,"href":"https:\/\/encuentroinformativo.com.mx\/index.php?rest_route=\/wp\/v2\/users\/2476"}],"replies":[{"embeddable":true,"href":"https:\/\/encuentroinformativo.com.mx\/index.php?rest_route=%2Fwp%2Fv2%2Fcomments&post=37824"}],"version-history":[{"count":1,"href":"https:\/\/encuentroinformativo.com.mx\/index.php?rest_route=\/wp\/v2\/posts\/37824\/revisions"}],"predecessor-version":[{"id":37826,"href":"https:\/\/encuentroinformativo.com.mx\/index.php?rest_route=\/wp\/v2\/posts\/37824\/revisions\/37826"}],"wp:featuredmedia":[{"embeddable":true,"href":"https:\/\/encuentroinformativo.com.mx\/index.php?rest_route=\/wp\/v2\/media\/37825"}],"wp:attachment":[{"href":"https:\/\/encuentroinformativo.com.mx\/index.php?rest_route=%2Fwp%2Fv2%2Fmedia&parent=37824"}],"wp:term":[{"taxonomy":"category","embeddable":true,"href":"https:\/\/encuentroinformativo.com.mx\/index.php?rest_route=%2Fwp%2Fv2%2Fcategories&post=37824"},{"taxonomy":"post_tag","embeddable":true,"href":"https:\/\/encuentroinformativo.com.mx\/index.php?rest_route=%2Fwp%2Fv2%2Ftags&post=37824"}],"curies":[{"name":"wp","href":"https:\/\/api.w.org\/{rel}","templated":true}]}}