{"id":37831,"date":"2023-03-10T12:46:48","date_gmt":"2023-03-10T18:46:48","guid":{"rendered":"https:\/\/encuentroinformativo.com.mx\/?p=37831"},"modified":"2023-03-10T12:46:52","modified_gmt":"2023-03-10T18:46:52","slug":"celebran-bodas-colectivas-en-xalapa-2","status":"publish","type":"post","link":"https:\/\/encuentroinformativo.com.mx\/?p=37831","title":{"rendered":"Celebran Bodas Colectivas en Xalapa"},"content":{"rendered":"\n<p><strong>Israel Garc\u00eda <\/strong><\/p>\n\n\n\n<p>Xalapa, Ver.- Este viernes parejas xalape\u00f1as formalizaron su uni\u00f3n en la ceremonia de Bodas Colectivas organizada por el Ayuntamiento y el Registro Civil.<\/p>\n\n\n\n<p>En el patio central del Palacio Municipal, el alcalde Ricardo Ahued Bardahuil acompa\u00f1ado del Cabildo hizo entrega de manera simb\u00f3lica del acta matrimonial.<\/p>\n\n\n\n<p>Entre los asistentes se observaron  parejas del mismo sexo quienes tambien legalizaron su uni\u00f3n.<\/p>\n\n\n\n<figure class=\"wp-block-image size-large\"><img loading=\"lazy\" decoding=\"async\" width=\"1024\" height=\"768\" src=\"https:\/\/encuentroinformativo.com.mx\/wp-content\/uploads\/2023\/03\/Photo_1678473653405-1024x768.jpg\" alt=\"\" class=\"wp-image-37833\" srcset=\"https:\/\/encuentroinformativo.com.mx\/wp-content\/uploads\/2023\/03\/Photo_1678473653405-1024x768.jpg 1024w, https:\/\/encuentroinformativo.com.mx\/wp-content\/uploads\/2023\/03\/Photo_1678473653405-300x225.jpg 300w, https:\/\/encuentroinformativo.com.mx\/wp-content\/uploads\/2023\/03\/Photo_1678473653405-768x576.jpg 768w, https:\/\/encuentroinformativo.com.mx\/wp-content\/uploads\/2023\/03\/Photo_1678473653405-1536x1152.jpg 1536w, https:\/\/encuentroinformativo.com.mx\/wp-content\/uploads\/2023\/03\/Photo_1678473653405.jpg 1600w\" sizes=\"auto, (max-width: 1024px) 100vw, 1024px\" \/><\/figure>\n\n\n\n<figure class=\"wp-block-image size-large\"><img loading=\"lazy\" decoding=\"async\" width=\"1024\" height=\"576\" src=\"https:\/\/encuentroinformativo.com.mx\/wp-content\/uploads\/2023\/03\/Photo_1678473523264-1024x576.jpg\" alt=\"\" class=\"wp-image-37834\" srcset=\"https:\/\/encuentroinformativo.com.mx\/wp-content\/uploads\/2023\/03\/Photo_1678473523264-1024x576.jpg 1024w, https:\/\/encuentroinformativo.com.mx\/wp-content\/uploads\/2023\/03\/Photo_1678473523264-300x169.jpg 300w, https:\/\/encuentroinformativo.com.mx\/wp-content\/uploads\/2023\/03\/Photo_1678473523264-768x432.jpg 768w, https:\/\/encuentroinformativo.com.mx\/wp-content\/uploads\/2023\/03\/Photo_1678473523264-1536x864.jpg 1536w, https:\/\/encuentroinformativo.com.mx\/wp-content\/uploads\/2023\/03\/Photo_1678473523264.jpg 1599w\" sizes=\"auto, (max-width: 1024px) 100vw, 1024px\" \/><\/figure>\n","protected":false},"excerpt":{"rendered":"<p>Israel Garc\u00eda Xalapa, Ver.- Este viernes parejas xalape\u00f1as formalizaron su uni\u00f3n en la ceremonia de Bodas Colectivas organizada por el Ayuntamiento y el Registro Civil. En el patio central del Palacio Municipal, el alcalde Ricardo Ahued Bardahuil acompa\u00f1ado del Cabildo hizo entrega de manera simb\u00f3lica del acta matrimonial. Entre los asistentes se observaron parejas del [&hellip;]<\/p>\n","protected":false},"author":2476,"featured_media":37832,"comment_status":"open","ping_status":"open","sticky":false,"template":"","format":"standard","meta":{"_jetpack_memberships_contains_paid_content":false,"footnotes":""},"categories":[3],"tags":[],"class_list":["post-37831","post","type-post","status-publish","format-standard","has-post-thumbnail","hentry","category-xalapa"],"jetpack_featured_media_url":"https:\/\/encuentroinformativo.com.mx\/wp-content\/uploads\/2023\/03\/Photo_1678473497513.jpg","jetpack_sharing_enabled":true,"jetpack_likes_enabled":true,"amp_enabled":true,"_links":{"self":[{"href":"https:\/\/encuentroinformativo.com.mx\/index.php?rest_route=\/wp\/v2\/posts\/37831","targetHints":{"allow":["GET"]}}],"collection":[{"href":"https:\/\/encuentroinformativo.com.mx\/index.php?rest_route=\/wp\/v2\/posts"}],"about":[{"href":"https:\/\/encuentroinformativo.com.mx\/index.php?rest_route=\/wp\/v2\/types\/post"}],"author":[{"embeddable":true,"href":"https:\/\/encuentroinformativo.com.mx\/index.php?rest_route=\/wp\/v2\/users\/2476"}],"replies":[{"embeddable":true,"href":"https:\/\/encuentroinformativo.com.mx\/index.php?rest_route=%2Fwp%2Fv2%2Fcomments&post=37831"}],"version-history":[{"count":1,"href":"https:\/\/encuentroinformativo.com.mx\/index.php?rest_route=\/wp\/v2\/posts\/37831\/revisions"}],"predecessor-version":[{"id":37835,"href":"https:\/\/encuentroinformativo.com.mx\/index.php?rest_route=\/wp\/v2\/posts\/37831\/revisions\/37835"}],"wp:featuredmedia":[{"embeddable":true,"href":"https:\/\/encuentroinformativo.com.mx\/index.php?rest_route=\/wp\/v2\/media\/37832"}],"wp:attachment":[{"href":"https:\/\/encuentroinformativo.com.mx\/index.php?rest_route=%2Fwp%2Fv2%2Fmedia&parent=37831"}],"wp:term":[{"taxonomy":"category","embeddable":true,"href":"https:\/\/encuentroinformativo.com.mx\/index.php?rest_route=%2Fwp%2Fv2%2Fcategories&post=37831"},{"taxonomy":"post_tag","embeddable":true,"href":"https:\/\/encuentroinformativo.com.mx\/index.php?rest_route=%2Fwp%2Fv2%2Ftags&post=37831"}],"curies":[{"name":"wp","href":"https:\/\/api.w.org\/{rel}","templated":true}]}}