{"id":37836,"date":"2023-03-10T13:57:19","date_gmt":"2023-03-10T19:57:19","guid":{"rendered":"https:\/\/encuentroinformativo.com.mx\/?p=37836"},"modified":"2023-03-10T13:57:23","modified_gmt":"2023-03-10T19:57:23","slug":"usuarios-avalan-incremento-de-tarifas-segun-taxistas","status":"publish","type":"post","link":"https:\/\/encuentroinformativo.com.mx\/?p=37836","title":{"rendered":"Usuarios avalan incremento de tarifas, seg\u00fan taxistas"},"content":{"rendered":"\n<p><strong>Juan Arcos <\/strong><\/p>\n\n\n\n<p>Xalapa, Ver.- Integrantes del Movimiento Nacional de Taxistas admitieron que han inflado las tarifas en la ciudad de Xalapa y otros municipios de la entidad, con el aval de la ciudadan\u00eda.<\/p>\n\n\n\n<p>En ese sentido, solicitaron nuevamente al gobierno del estado la reclasificaci\u00f3n de las tarifas, mismas que no han sido modificadas desde hace d\u00e9cadas.<\/p>\n\n\n\n<p>De acuerdo con V\u00edctor Herminio Gonz\u00e1lez Rivera, presidente del Comit\u00e9 Directivo Estatal del Movimiento Nacional Taxista, las tarifas no han sido actualizadas desde el a\u00f1o 2002, hace 21 a\u00f1os.<\/p>\n\n\n\n<p>\u201cNecesitamos que las tarifas se actualicen, la gasolina no vale lo mismo ni los insumos para las unidades, tan solo los costos de la unidad se han incrementado casi 150 por ciento en su valor, en comparaci\u00f3n con aquellos tiempos\u201d, expres\u00f3.<\/p>\n\n\n\n<p>El entrevistado enfatiz\u00f3 que la poblaci\u00f3n xalape\u00f1a ha accedido a tarifas convencionales que han sido impuestas por el sector transportista, debido a la notoria inflaci\u00f3n.<\/p>\n\n\n\n<p>\u201cLa ciudadan\u00eda amablemente en la zona de Xalapa ha estado accediendo a precios convencionales porque saben los costos que se han incrementado y en cada zona estamos trabajando con la ciudadan\u00eda para que sean conscientes de lo que incluye sostener una unidad de transporte p\u00fablico\u201d, a\u00f1adi\u00f3.<\/p>\n\n\n\n<p>Gonz\u00e1lez Rivera confirm\u00f3 que en la capital veracruzana los taxistas est\u00e1n cobrando 35 pesos como tarifa m\u00ednima a los usuarios, aunque el gobierno a\u00fan no ha autorizado dicha situaci\u00f3n.<\/p>\n\n\n\n<p>\u201cTan solo aqu\u00ed en la capital tenemos la tarifa m\u00ednima de 35 pesos, que es lo que se est\u00e1 cobrando ya y la ciudadan\u00eda lo est\u00e1 aceptando, con el compromiso de que vamos a mejorar el servicio, a mejorar el trato hacia el usuario y mejorar tambi\u00e9n las unidades\u201d, enfatiz\u00f3.<\/p>\n\n\n\n<p>El l\u00edder del Movimiento Nacional Taxista en Veracruz indic\u00f3 que el gremio a\u00fan se encuentra en proceso de recuperaci\u00f3n tras la pandemia del Sars-Cov2 (Covid-19).<\/p>\n\n\n\n<p>Cabe recordar que hace unas semanas fueron constantes las quejas ciudadanas por las elevadas tarifas que impusieron los taxistas en la ciudad de Xalapa.<\/p>\n","protected":false},"excerpt":{"rendered":"<p>Juan Arcos Xalapa, Ver.- Integrantes del Movimiento Nacional de Taxistas admitieron que han inflado las tarifas en la ciudad de Xalapa y otros municipios de la entidad, con el aval de la ciudadan\u00eda. En ese sentido, solicitaron nuevamente al gobierno del estado la reclasificaci\u00f3n de las tarifas, mismas que no han sido modificadas desde hace [&hellip;]<\/p>\n","protected":false},"author":2476,"featured_media":37837,"comment_status":"open","ping_status":"open","sticky":false,"template":"","format":"standard","meta":{"_jetpack_memberships_contains_paid_content":false,"footnotes":""},"categories":[3],"tags":[],"class_list":["post-37836","post","type-post","status-publish","format-standard","has-post-thumbnail","hentry","category-xalapa"],"jetpack_featured_media_url":"https:\/\/encuentroinformativo.com.mx\/wp-content\/uploads\/2023\/03\/IMG_8033.jpg","jetpack_sharing_enabled":true,"jetpack_likes_enabled":true,"amp_enabled":true,"_links":{"self":[{"href":"https:\/\/encuentroinformativo.com.mx\/index.php?rest_route=\/wp\/v2\/posts\/37836","targetHints":{"allow":["GET"]}}],"collection":[{"href":"https:\/\/encuentroinformativo.com.mx\/index.php?rest_route=\/wp\/v2\/posts"}],"about":[{"href":"https:\/\/encuentroinformativo.com.mx\/index.php?rest_route=\/wp\/v2\/types\/post"}],"author":[{"embeddable":true,"href":"https:\/\/encuentroinformativo.com.mx\/index.php?rest_route=\/wp\/v2\/users\/2476"}],"replies":[{"embeddable":true,"href":"https:\/\/encuentroinformativo.com.mx\/index.php?rest_route=%2Fwp%2Fv2%2Fcomments&post=37836"}],"version-history":[{"count":1,"href":"https:\/\/encuentroinformativo.com.mx\/index.php?rest_route=\/wp\/v2\/posts\/37836\/revisions"}],"predecessor-version":[{"id":37838,"href":"https:\/\/encuentroinformativo.com.mx\/index.php?rest_route=\/wp\/v2\/posts\/37836\/revisions\/37838"}],"wp:featuredmedia":[{"embeddable":true,"href":"https:\/\/encuentroinformativo.com.mx\/index.php?rest_route=\/wp\/v2\/media\/37837"}],"wp:attachment":[{"href":"https:\/\/encuentroinformativo.com.mx\/index.php?rest_route=%2Fwp%2Fv2%2Fmedia&parent=37836"}],"wp:term":[{"taxonomy":"category","embeddable":true,"href":"https:\/\/encuentroinformativo.com.mx\/index.php?rest_route=%2Fwp%2Fv2%2Fcategories&post=37836"},{"taxonomy":"post_tag","embeddable":true,"href":"https:\/\/encuentroinformativo.com.mx\/index.php?rest_route=%2Fwp%2Fv2%2Ftags&post=37836"}],"curies":[{"name":"wp","href":"https:\/\/api.w.org\/{rel}","templated":true}]}}