{"id":37839,"date":"2023-03-10T14:03:13","date_gmt":"2023-03-10T20:03:13","guid":{"rendered":"https:\/\/encuentroinformativo.com.mx\/?p=37839"},"modified":"2023-03-10T14:03:17","modified_gmt":"2023-03-10T20:03:17","slug":"se-investiga-a-exfuncionarios-yunistas-cuitlahuac-garcia","status":"publish","type":"post","link":"https:\/\/encuentroinformativo.com.mx\/?p=37839","title":{"rendered":"Se investiga a exfuncionarios yunistas: Cuitl\u00e1huac Garc\u00eda"},"content":{"rendered":"\n<p><strong>Dar\u00edo Pale <\/strong><\/p>\n\n\n\n<p>Xalapa, Ver.- Investigan a Enrique P\u00e9rez por varios delitos, adem\u00e1s de que no hay unidades de UBER operando en Veracruz, se atendi\u00f3 a Movimiento Nacional Transportista, as\u00ed lo se\u00f1al\u00f3 el Gobernador Cuitl\u00e1huac Garc\u00eda Jim\u00e9nez.<\/p>\n\n\n\n<p>En entrevista revel\u00f3 que el exsecretario de Educaci\u00f3n en la administraci\u00f3n de Miguel \u00c1ngel Yunes Linares, Enrique P\u00e9rez; est\u00e1 siendo investigado junto con otros exfuncionarios de la SEV yunistas.<\/p>\n\n\n\n<p>&#8220;Lo que se tiene es ya una denuncia formal en contra de ellos por varios delitos y ahorita la sanci\u00f3n m\u00ednima que se est\u00e1 observando es que varios tienen acumulados alrededor de 17 a\u00f1os de inhabilitaci\u00f3n por lo menos&#8221;, se\u00f1al\u00f3.<\/p>\n\n\n\n<p>Agreg\u00f3 que todav\u00eda falta que la Fiscal\u00eda Anticorrupci\u00f3n defina su situaci\u00f3n jur\u00eddica, ya que se trata de delitos graves por lo que se les podr\u00eda imponer incluso prisi\u00f3n preventiva oficiosa.<\/p>\n\n\n\n<p>En el caso del docente Alberto Ra\u00fal Ruiz M\u00e9ndez, del Bachillerato Veracruz, quien fue se\u00f1alado por el secretario Zenyazen Escobar Garc\u00eda como vendedor de plazas para docentes, dijo que ese proceso deber\u00e1 seguir su curso.<\/p>\n\n\n\n<p>En ese sentido, el Ejecutivo opin\u00f3 que es m\u00e1s importante se\u00f1alar la corrupci\u00f3n en la que cayeron los exfuncionarios de la administraci\u00f3n pasada.<\/p>\n\n\n\n<p>Coment\u00f3 que el fraude que cometi\u00f3 dicho maestro no se compara con lo que hicieron los exservidores p\u00fablicos, y recalc\u00f3 que no van a encubrir a nadie, todas las investigaciones seguir\u00e1n su curso.<\/p>\n\n\n\n<p>Pidi\u00f3 esperar a que avancen las investigaciones para dar a conocer mayores detalles de qu\u00e9 otros exfuncionarios est\u00e1n involucrados y en que puestos se desempe\u00f1aban.<\/p>\n\n\n\n<p>En otro orden de ideas, dijo que se atendi\u00f3 la protesta del Movimiento Nacional de Transportistas y dijo que se analizar\u00e1 su pliego petitorio.<\/p>\n\n\n\n<p>Manifest\u00f3 a los concesionarios del transporte p\u00fablico que su administraci\u00f3n seguir\u00e1 impidiendo la operaci\u00f3n de UBER e Indriver en el Estado.<\/p>\n\n\n\n<p>&#8220;Esto debe ser un compromiso mutuo, que tambi\u00e9n nos ayuden los taxistas a mejorar las condiciones de su unidades, el servidor, esa es una forma en que podemos ir apoyando&#8221;, coment\u00f3.<\/p>\n\n\n\n<p>El Gobernador confirm\u00f3 que se han hecho detenciones a personas que prestan el servicio de taxi con autos particulares y neg\u00f3 que est\u00e9n operando alrededor de 4 mil de esos en la zona conurbada Veracruz -Boca del R\u00edo.<\/p>\n\n\n\n<p>Finalmente coment\u00f3 que, &#8220;ya ahorita se lleg\u00f3 a cero, si alguien checa por UBER va a ver que no hay ninguna unidad disponible, no existen aqu\u00ed en Veracruz, se abati\u00f3, esa es la garant\u00eda para que mejoren los ingresos de los taxistas, pero con el compromiso de que tambi\u00e9n mejoren el servicio&#8221;.<\/p>\n","protected":false},"excerpt":{"rendered":"<p>Dar\u00edo Pale Xalapa, Ver.- Investigan a Enrique P\u00e9rez por varios delitos, adem\u00e1s de que no hay unidades de UBER operando en Veracruz, se atendi\u00f3 a Movimiento Nacional Transportista, as\u00ed lo se\u00f1al\u00f3 el Gobernador Cuitl\u00e1huac Garc\u00eda Jim\u00e9nez. En entrevista revel\u00f3 que el exsecretario de Educaci\u00f3n en la administraci\u00f3n de Miguel \u00c1ngel Yunes Linares, Enrique P\u00e9rez; est\u00e1 [&hellip;]<\/p>\n","protected":false},"author":2476,"featured_media":37840,"comment_status":"open","ping_status":"open","sticky":false,"template":"","format":"standard","meta":{"_jetpack_memberships_contains_paid_content":false,"footnotes":""},"categories":[2],"tags":[],"class_list":["post-37839","post","type-post","status-publish","format-standard","has-post-thumbnail","hentry","category-estado"],"jetpack_featured_media_url":"https:\/\/encuentroinformativo.com.mx\/wp-content\/uploads\/2023\/03\/IMG-20230310-WA0071.jpg","jetpack_sharing_enabled":true,"jetpack_likes_enabled":true,"amp_enabled":true,"_links":{"self":[{"href":"https:\/\/encuentroinformativo.com.mx\/index.php?rest_route=\/wp\/v2\/posts\/37839","targetHints":{"allow":["GET"]}}],"collection":[{"href":"https:\/\/encuentroinformativo.com.mx\/index.php?rest_route=\/wp\/v2\/posts"}],"about":[{"href":"https:\/\/encuentroinformativo.com.mx\/index.php?rest_route=\/wp\/v2\/types\/post"}],"author":[{"embeddable":true,"href":"https:\/\/encuentroinformativo.com.mx\/index.php?rest_route=\/wp\/v2\/users\/2476"}],"replies":[{"embeddable":true,"href":"https:\/\/encuentroinformativo.com.mx\/index.php?rest_route=%2Fwp%2Fv2%2Fcomments&post=37839"}],"version-history":[{"count":1,"href":"https:\/\/encuentroinformativo.com.mx\/index.php?rest_route=\/wp\/v2\/posts\/37839\/revisions"}],"predecessor-version":[{"id":37841,"href":"https:\/\/encuentroinformativo.com.mx\/index.php?rest_route=\/wp\/v2\/posts\/37839\/revisions\/37841"}],"wp:featuredmedia":[{"embeddable":true,"href":"https:\/\/encuentroinformativo.com.mx\/index.php?rest_route=\/wp\/v2\/media\/37840"}],"wp:attachment":[{"href":"https:\/\/encuentroinformativo.com.mx\/index.php?rest_route=%2Fwp%2Fv2%2Fmedia&parent=37839"}],"wp:term":[{"taxonomy":"category","embeddable":true,"href":"https:\/\/encuentroinformativo.com.mx\/index.php?rest_route=%2Fwp%2Fv2%2Fcategories&post=37839"},{"taxonomy":"post_tag","embeddable":true,"href":"https:\/\/encuentroinformativo.com.mx\/index.php?rest_route=%2Fwp%2Fv2%2Ftags&post=37839"}],"curies":[{"name":"wp","href":"https:\/\/api.w.org\/{rel}","templated":true}]}}