{"id":37851,"date":"2023-03-10T14:31:01","date_gmt":"2023-03-10T20:31:01","guid":{"rendered":"https:\/\/encuentroinformativo.com.mx\/?p=37851"},"modified":"2023-03-10T14:31:05","modified_gmt":"2023-03-10T20:31:05","slug":"cabildo-de-orizaba-prohibe-al-alcalde-hablar-fuera-de-su-municipio","status":"publish","type":"post","link":"https:\/\/encuentroinformativo.com.mx\/?p=37851","title":{"rendered":"Cabildo de Orizaba proh\u00edbe al alcalde hablar fuera de su municipio"},"content":{"rendered":"\n<p><strong>Alejandro \u00c1vila<\/strong><\/p>\n\n\n\n<p>Veracruz, Ver.- Tras conocer sus aspiraciones pol\u00edticas, el Cabildo de Orizaba le prohibi\u00f3 al alcalde, Juan Manuel Diez Francos dar entrevistas fuera de la demarcaci\u00f3n de su municipio.<\/p>\n\n\n\n<p>Esta situaci\u00f3n molest\u00f3 al priista, quien se\u00f1al\u00f3 presentar\u00e1 una queja ante la Comisi\u00f3n Estatal de Derechos Humanos(CEDH).<\/p>\n\n\n\n<p>Hace unos d\u00edas, el alcalde visit\u00f3 la capital del estado, y ah\u00ed se neg\u00f3 a otorgar entrevista a los medios de comunicaci\u00f3n, bajo el argumento de que por medio de su Cabildo se le impuso el no hablar fuera de su municipio.<\/p>\n\n\n\n<p>&#8220;Fuera del municipio, por instrucci\u00f3n del Cabildo me impusieron, me voy a quejar con derechos humanos, te lo agradezco es que s\u00ed, no me dejan&#8221;, mencion\u00f3 hu\u00eda de los comunicadores.<\/p>\n\n\n\n<p>Cabe destacar, que el pasado martes, el alcalde pri\u00edsta visit\u00f3 el Congreso del Estado donde sostuvo una reuni\u00f3n con los diputados locales de su partido; aunque ya ha estado haciendo una mini campa\u00f1a en diversos municipios de la entidad veracruzana.<\/p>\n","protected":false},"excerpt":{"rendered":"<p>Alejandro \u00c1vila Veracruz, Ver.- Tras conocer sus aspiraciones pol\u00edticas, el Cabildo de Orizaba le prohibi\u00f3 al alcalde, Juan Manuel Diez Francos dar entrevistas fuera de la demarcaci\u00f3n de su municipio. Esta situaci\u00f3n molest\u00f3 al priista, quien se\u00f1al\u00f3 presentar\u00e1 una queja ante la Comisi\u00f3n Estatal de Derechos Humanos(CEDH). Hace unos d\u00edas, el alcalde visit\u00f3 la capital [&hellip;]<\/p>\n","protected":false},"author":2476,"featured_media":37852,"comment_status":"open","ping_status":"open","sticky":false,"template":"","format":"standard","meta":{"_jetpack_memberships_contains_paid_content":false,"footnotes":""},"categories":[2],"tags":[],"class_list":["post-37851","post","type-post","status-publish","format-standard","has-post-thumbnail","hentry","category-estado"],"jetpack_featured_media_url":"https:\/\/encuentroinformativo.com.mx\/wp-content\/uploads\/2023\/03\/IMG-20230310-WA0094.jpg","jetpack_sharing_enabled":true,"jetpack_likes_enabled":true,"amp_enabled":true,"_links":{"self":[{"href":"https:\/\/encuentroinformativo.com.mx\/index.php?rest_route=\/wp\/v2\/posts\/37851","targetHints":{"allow":["GET"]}}],"collection":[{"href":"https:\/\/encuentroinformativo.com.mx\/index.php?rest_route=\/wp\/v2\/posts"}],"about":[{"href":"https:\/\/encuentroinformativo.com.mx\/index.php?rest_route=\/wp\/v2\/types\/post"}],"author":[{"embeddable":true,"href":"https:\/\/encuentroinformativo.com.mx\/index.php?rest_route=\/wp\/v2\/users\/2476"}],"replies":[{"embeddable":true,"href":"https:\/\/encuentroinformativo.com.mx\/index.php?rest_route=%2Fwp%2Fv2%2Fcomments&post=37851"}],"version-history":[{"count":1,"href":"https:\/\/encuentroinformativo.com.mx\/index.php?rest_route=\/wp\/v2\/posts\/37851\/revisions"}],"predecessor-version":[{"id":37853,"href":"https:\/\/encuentroinformativo.com.mx\/index.php?rest_route=\/wp\/v2\/posts\/37851\/revisions\/37853"}],"wp:featuredmedia":[{"embeddable":true,"href":"https:\/\/encuentroinformativo.com.mx\/index.php?rest_route=\/wp\/v2\/media\/37852"}],"wp:attachment":[{"href":"https:\/\/encuentroinformativo.com.mx\/index.php?rest_route=%2Fwp%2Fv2%2Fmedia&parent=37851"}],"wp:term":[{"taxonomy":"category","embeddable":true,"href":"https:\/\/encuentroinformativo.com.mx\/index.php?rest_route=%2Fwp%2Fv2%2Fcategories&post=37851"},{"taxonomy":"post_tag","embeddable":true,"href":"https:\/\/encuentroinformativo.com.mx\/index.php?rest_route=%2Fwp%2Fv2%2Ftags&post=37851"}],"curies":[{"name":"wp","href":"https:\/\/api.w.org\/{rel}","templated":true}]}}