{"id":37857,"date":"2023-03-10T15:11:25","date_gmt":"2023-03-10T21:11:25","guid":{"rendered":"https:\/\/encuentroinformativo.com.mx\/?p=37857"},"modified":"2023-03-10T15:11:29","modified_gmt":"2023-03-10T21:11:29","slug":"sin-apoyo-del-estado-participara-xico-en-tianguis-turistico","status":"publish","type":"post","link":"https:\/\/encuentroinformativo.com.mx\/?p=37857","title":{"rendered":"Sin apoyo del estado, participar\u00e1  Xico en Tianguis Tur\u00edstico"},"content":{"rendered":"\n<p><strong>Dar\u00edo Pale <\/strong><\/p>\n\n\n\n<p>Xalapa, Ver.- A pesar de que no obtuvieron respuesta por parte de la Secretar\u00eda de Turismo de Veracruz, el municipio de Xico participar\u00e1 en el Tianguis Tur\u00edstico de la Ciudad de M\u00e9xico, ya que trabajan de la mano con la Secretar\u00eda de Turismo federal.<\/p>\n\n\n\n<p>En conferencia de prensa Javier Izaguirre Mart\u00ednez, director de Desarrollo Econ\u00f3mico y Turismo del Ayuntamiento de Xico, invit\u00f3 a la ciudadan\u00eda para que asistan al Segundo Encuentro Cultural del Orgullo Veracruzano en Xico, el cual se llevar\u00e1 a cabo los d\u00edas 10, 11 y 12 de este mes.<\/p>\n\n\n\n<p>Expuso que, se trata de un encuentro gastron\u00f3mico donde los asistentes podr\u00e1n degustar los famosos tamales canarios, y aunado a ello habr\u00e1 otro tipo de gastronom\u00eda como moles, pan, artesan\u00edas y otros productos del Pueblo M\u00e1gico.<\/p>\n\n\n\n<p>El evento iniciar\u00e1 a las ocho de la noche. Participar\u00e1n alrededor de 60 expositores y 80 de otras partes del estado.\u00a0<\/p>\n\n\n\n<p>En otro orden de ideas, indic\u00f3 que Xico estar\u00e1 presente en el Tianguis Tur\u00edstico de la Ciudad de M\u00e9xico, a pesar de que no obtuvo repuesta por parte de la Secretar\u00eda de Turismo del Estado para que los apoyara con un espacio.<\/p>\n\n\n\n<p>&#8220;Pese a ello, Xico va a ir, vamos a invertir cerca de mil d\u00f3lares para promover el pueblo m\u00e1gico y el estado de Veracruz&#8221;, coment\u00f3.<\/p>\n\n\n\n<p>Finalmente, el funcionario indic\u00f3 que el Ayuntamiento trabaja de la mano con la Secretar\u00eda de Turismo federal, y el evento nacional se realizar\u00e1 del 26 al 29 de marzo.<\/p>\n","protected":false},"excerpt":{"rendered":"<p>Dar\u00edo Pale Xalapa, Ver.- A pesar de que no obtuvieron respuesta por parte de la Secretar\u00eda de Turismo de Veracruz, el municipio de Xico participar\u00e1 en el Tianguis Tur\u00edstico de la Ciudad de M\u00e9xico, ya que trabajan de la mano con la Secretar\u00eda de Turismo federal. En conferencia de prensa Javier Izaguirre Mart\u00ednez, director de [&hellip;]<\/p>\n","protected":false},"author":2476,"featured_media":37858,"comment_status":"open","ping_status":"open","sticky":false,"template":"","format":"standard","meta":{"_jetpack_memberships_contains_paid_content":false,"footnotes":""},"categories":[12,8],"tags":[],"class_list":["post-37857","post","type-post","status-publish","format-standard","has-post-thumbnail","hentry","category-nacional","category-region"],"jetpack_featured_media_url":"https:\/\/encuentroinformativo.com.mx\/wp-content\/uploads\/2023\/03\/IMG-20230310-WA0099.jpg","jetpack_sharing_enabled":true,"jetpack_likes_enabled":true,"amp_enabled":true,"_links":{"self":[{"href":"https:\/\/encuentroinformativo.com.mx\/index.php?rest_route=\/wp\/v2\/posts\/37857","targetHints":{"allow":["GET"]}}],"collection":[{"href":"https:\/\/encuentroinformativo.com.mx\/index.php?rest_route=\/wp\/v2\/posts"}],"about":[{"href":"https:\/\/encuentroinformativo.com.mx\/index.php?rest_route=\/wp\/v2\/types\/post"}],"author":[{"embeddable":true,"href":"https:\/\/encuentroinformativo.com.mx\/index.php?rest_route=\/wp\/v2\/users\/2476"}],"replies":[{"embeddable":true,"href":"https:\/\/encuentroinformativo.com.mx\/index.php?rest_route=%2Fwp%2Fv2%2Fcomments&post=37857"}],"version-history":[{"count":1,"href":"https:\/\/encuentroinformativo.com.mx\/index.php?rest_route=\/wp\/v2\/posts\/37857\/revisions"}],"predecessor-version":[{"id":37859,"href":"https:\/\/encuentroinformativo.com.mx\/index.php?rest_route=\/wp\/v2\/posts\/37857\/revisions\/37859"}],"wp:featuredmedia":[{"embeddable":true,"href":"https:\/\/encuentroinformativo.com.mx\/index.php?rest_route=\/wp\/v2\/media\/37858"}],"wp:attachment":[{"href":"https:\/\/encuentroinformativo.com.mx\/index.php?rest_route=%2Fwp%2Fv2%2Fmedia&parent=37857"}],"wp:term":[{"taxonomy":"category","embeddable":true,"href":"https:\/\/encuentroinformativo.com.mx\/index.php?rest_route=%2Fwp%2Fv2%2Fcategories&post=37857"},{"taxonomy":"post_tag","embeddable":true,"href":"https:\/\/encuentroinformativo.com.mx\/index.php?rest_route=%2Fwp%2Fv2%2Ftags&post=37857"}],"curies":[{"name":"wp","href":"https:\/\/api.w.org\/{rel}","templated":true}]}}