{"id":37866,"date":"2023-03-11T15:53:51","date_gmt":"2023-03-11T21:53:51","guid":{"rendered":"https:\/\/encuentroinformativo.com.mx\/?p=37866"},"modified":"2023-03-11T15:53:55","modified_gmt":"2023-03-11T21:53:55","slug":"gordofobia","status":"publish","type":"post","link":"https:\/\/encuentroinformativo.com.mx\/?p=37866","title":{"rendered":"GORDOFOBIA"},"content":{"rendered":"\n<p><strong>N\u00fameros Rojos\u00a0<\/strong><\/p>\n\n\n\n<p><strong>Brenda Caballero<\/strong><\/p>\n\n\n\n<p>En primaria, recuerdo tener a un compa\u00f1ero gordo, pero tambi\u00e9n ten\u00eda un compa\u00f1ero flaco, uno muy alto y varios de baja estatura. Tambi\u00e9n hab\u00eda con nariz prominente y otros con orejas grandes; g\u00fceros y morenos. \u00c9ramos&nbsp; una poblaci\u00f3n con rasgos y caracter\u00edsticas f\u00edsicas diversas. Recuerdo que hasta los apodos que ensalzaban esas \u201ccualidades\u201d estaban a la orden del d\u00eda.<\/p>\n\n\n\n<p>Llegabas a casa y la televisi\u00f3n ten\u00eda la novela del momento, para ni\u00f1as y ni\u00f1os: Carrusel, donde hab\u00eda tambi\u00e9n personajes gordos, flacos, morenos, g\u00fceros, etc\u00e9tera.<\/p>\n\n\n\n<p>De la que se salv\u00f3 la novela de 1989, pues hoy en d\u00eda aparte de que hubiera sido tachada como una novela llena de bullying, los estudiantes de la escuela Mundial ser\u00edan totalmente racistas y hasta la maestra Jimena ser\u00eda denunciada por \u201cpermitir esas conductas\u201d entre sus alumnos, sin hacer algo al respecto.<\/p>\n\n\n\n<p>Si bien el bullying es un problema creciente en nuestra sociedad, pues est\u00e1 comprobado que la violencia reiterativa hacia cualquier persona puede lastimarla e incluso llevarla a la muerte, tambi\u00e9n es cierto es que a veces caemos en una forma de discriminaci\u00f3n y violencia cuando pretendemos erradicarla.<\/p>\n\n\n\n<p>Ejemplo de ello es la iniciativa presentada por el morenista Nazario Norberto S\u00e1nchez al Congreso de la Ciudad de M\u00e9xico que quiere reformar la Ley para Prevenir y Eliminar la discriminaci\u00f3n de aquella ciudad a fin de reconocer el t\u00e9rmino Gordofobia o Bodysheiming y para ello pone de ejemplo a una compa\u00f1era senadora que seg\u00fan su versi\u00f3n, es violentada por su obesidad por otra senadora, aunque de oposici\u00f3n. \u00a1Plop!&nbsp;<\/p>\n\n\n\n<p>Aparte de revictimizar a las legisladoras con sus ejemplos, el legislador bien deber\u00eda de exigir que las leyes que ya est\u00e1n vigentes se apliquen, pues su propuesta se torna m\u00e1s con tintes pol\u00edticos.<\/p>\n\n\n\n<p>Si llegara a aprobarse en la Ciudad de M\u00e9xico, no me imagino por ejemplo, qu\u00e9 pasar\u00eda con aquellas parejas de casados que se dicen p\u00fablicamente \u201cgordito\u201d o \u201cgordita\u201d, \u00bfse estar\u00edan violentando?; o la expresi\u00f3n com\u00fan de \u201cme caes gordo\u201d, pues con esa iniciativa ser\u00eda considerada hasta una amenaza.<\/p>\n\n\n\n<p>Ahora bien, \u00bfes realmente necesaria esa iniciativa cuando M\u00e9xico es un pa\u00eds donde poco m\u00e1s del 70 por ciento de la poblaci\u00f3n tiene sobrepeso u obesidad, ocupando el quinto lugar en Obesidad en el Mundo?<\/p>\n\n\n\n<p>M\u00e1s que pensar en seguir dividiendo, bien valdr\u00eda la pena implementar las acciones y pol\u00edticas de los japoneses que tienen un 3.5 por ciento de obesidad en su poblaci\u00f3n adulta. A ellos les ha funcionado la educaci\u00f3n en el consumo de comida saludable, el hacer ejercicio en los tiempos de descanso que tienen los trabajadores, manteniendo con ello a raya el sobrepeso.<\/p>\n\n\n\n<p>Pero bueno,&nbsp; siempre es m\u00e1s f\u00e1cil castigar que transformar.<\/p>\n\n\n\n<p>Y usted \u00bfcree que es urgente una iniciativa para sancionar la discriminaci\u00f3n que sufren las personas obesas?<\/p>\n\n\n\n<p>Twiter: @NumerosRojos_BC<\/p>\n\n\n\n<p><a href=\"mailto:caballero_brenda@hotmail.com\" target=\"_blank\" rel=\"noreferrer noopener\">caballero_brenda@hotmail.com<\/a><\/p>\n","protected":false},"excerpt":{"rendered":"<p>N\u00fameros Rojos\u00a0 Brenda Caballero En primaria, recuerdo tener a un compa\u00f1ero gordo, pero tambi\u00e9n ten\u00eda un compa\u00f1ero flaco, uno muy alto y varios de baja estatura. Tambi\u00e9n hab\u00eda con nariz prominente y otros con orejas grandes; g\u00fceros y morenos. \u00c9ramos&nbsp; una poblaci\u00f3n con rasgos y caracter\u00edsticas f\u00edsicas diversas. Recuerdo que hasta los apodos que ensalzaban [&hellip;]<\/p>\n","protected":false},"author":2476,"featured_media":387,"comment_status":"open","ping_status":"open","sticky":false,"template":"","format":"standard","meta":{"_jetpack_memberships_contains_paid_content":false,"footnotes":""},"categories":[11],"tags":[],"class_list":["post-37866","post","type-post","status-publish","format-standard","has-post-thumbnail","hentry","category-opinion"],"jetpack_featured_media_url":"https:\/\/encuentroinformativo.com.mx\/wp-content\/uploads\/2020\/03\/7CF8A22B-2764-47BE-8F7F-38FE9E5D6A2F.jpeg","jetpack_sharing_enabled":true,"jetpack_likes_enabled":true,"amp_enabled":true,"_links":{"self":[{"href":"https:\/\/encuentroinformativo.com.mx\/index.php?rest_route=\/wp\/v2\/posts\/37866","targetHints":{"allow":["GET"]}}],"collection":[{"href":"https:\/\/encuentroinformativo.com.mx\/index.php?rest_route=\/wp\/v2\/posts"}],"about":[{"href":"https:\/\/encuentroinformativo.com.mx\/index.php?rest_route=\/wp\/v2\/types\/post"}],"author":[{"embeddable":true,"href":"https:\/\/encuentroinformativo.com.mx\/index.php?rest_route=\/wp\/v2\/users\/2476"}],"replies":[{"embeddable":true,"href":"https:\/\/encuentroinformativo.com.mx\/index.php?rest_route=%2Fwp%2Fv2%2Fcomments&post=37866"}],"version-history":[{"count":2,"href":"https:\/\/encuentroinformativo.com.mx\/index.php?rest_route=\/wp\/v2\/posts\/37866\/revisions"}],"predecessor-version":[{"id":37868,"href":"https:\/\/encuentroinformativo.com.mx\/index.php?rest_route=\/wp\/v2\/posts\/37866\/revisions\/37868"}],"wp:featuredmedia":[{"embeddable":true,"href":"https:\/\/encuentroinformativo.com.mx\/index.php?rest_route=\/wp\/v2\/media\/387"}],"wp:attachment":[{"href":"https:\/\/encuentroinformativo.com.mx\/index.php?rest_route=%2Fwp%2Fv2%2Fmedia&parent=37866"}],"wp:term":[{"taxonomy":"category","embeddable":true,"href":"https:\/\/encuentroinformativo.com.mx\/index.php?rest_route=%2Fwp%2Fv2%2Fcategories&post=37866"},{"taxonomy":"post_tag","embeddable":true,"href":"https:\/\/encuentroinformativo.com.mx\/index.php?rest_route=%2Fwp%2Fv2%2Ftags&post=37866"}],"curies":[{"name":"wp","href":"https:\/\/api.w.org\/{rel}","templated":true}]}}