{"id":37869,"date":"2023-03-11T15:59:33","date_gmt":"2023-03-11T21:59:33","guid":{"rendered":"https:\/\/encuentroinformativo.com.mx\/?p=37869"},"modified":"2023-03-11T15:59:37","modified_gmt":"2023-03-11T21:59:37","slug":"avanzan-veracruzanos-para-designacion-de-nuevos-consejeros-del-ine","status":"publish","type":"post","link":"https:\/\/encuentroinformativo.com.mx\/?p=37869","title":{"rendered":"Avanzan veracruzanos para designaci\u00f3n de nuevos consejeros del INE"},"content":{"rendered":"\n<p><strong>Dar\u00edo Pale <\/strong><\/p>\n\n\n\n<p>Xalapa, Ver.- Este viernes 11 de marzo de dio a conocer la lista de 203 tres aspirantes que pasaron a la \u00faltima fase para la designaci\u00f3n de nuevos consejeros del Instituto Nacional Electoral (INE), dentro de los cuales se encuentran siete veracruzanos.<\/p>\n\n\n\n<p>Entre ellos Yazm\u00edn Zepeta Benavides, funcionaria del gobierno del Estado, es la \u00a0actual presidenta de la Junta Local de Conciliaci\u00f3n y Arbitraje, dependiente de la Secretar\u00eda del Trabajo Previsi\u00f3n Social y Productividad, forma parte de la lista de aspirantes que pasaron a la etapa de entrevistas.<\/p>\n\n\n\n<p>Cabe recordar que a nivel nacional vendr\u00edan a sustituir a Lorenzo C\u00f3rdoba Vianello, Ciro Murallama Rend\u00f3n, Adriana Favela Herrera y Jos\u00e9 Roberto Ruiz Salda\u00f1a.<\/p>\n\n\n\n<p>Los nombres de los veracruzanos que pasaron a la ultima fase, antes de la designaci\u00f3n para un periodo de nueve a\u00f1os son:<br>1.- Mar\u00eda de Lourdes Fern\u00e1ndez Martinez\u00a0<br>2.- Yazm\u00edn Zepeta Benavides<br>3.- Javier Hern\u00e1ndez Hern\u00e1ndez<br>4.- Abel Hern\u00e1ndez Santos\u00a0<br>5.- Roberto L\u00f3pez P\u00e9rez<br>6.- Jos\u00e9 Oliveros Ruiz<br>7.- Juan Manuel V\u00e1zquez Barajas<\/p>\n","protected":false},"excerpt":{"rendered":"<p>Dar\u00edo Pale Xalapa, Ver.- Este viernes 11 de marzo de dio a conocer la lista de 203 tres aspirantes que pasaron a la \u00faltima fase para la designaci\u00f3n de nuevos consejeros del Instituto Nacional Electoral (INE), dentro de los cuales se encuentran siete veracruzanos. Entre ellos Yazm\u00edn Zepeta Benavides, funcionaria del gobierno del Estado, es [&hellip;]<\/p>\n","protected":false},"author":2476,"featured_media":37870,"comment_status":"open","ping_status":"open","sticky":false,"template":"","format":"standard","meta":{"_jetpack_memberships_contains_paid_content":false,"footnotes":""},"categories":[12],"tags":[],"class_list":["post-37869","post","type-post","status-publish","format-standard","has-post-thumbnail","hentry","category-nacional"],"jetpack_featured_media_url":"https:\/\/encuentroinformativo.com.mx\/wp-content\/uploads\/2023\/03\/IMG-20230308-WA0124.jpg","jetpack_sharing_enabled":true,"jetpack_likes_enabled":true,"amp_enabled":true,"_links":{"self":[{"href":"https:\/\/encuentroinformativo.com.mx\/index.php?rest_route=\/wp\/v2\/posts\/37869","targetHints":{"allow":["GET"]}}],"collection":[{"href":"https:\/\/encuentroinformativo.com.mx\/index.php?rest_route=\/wp\/v2\/posts"}],"about":[{"href":"https:\/\/encuentroinformativo.com.mx\/index.php?rest_route=\/wp\/v2\/types\/post"}],"author":[{"embeddable":true,"href":"https:\/\/encuentroinformativo.com.mx\/index.php?rest_route=\/wp\/v2\/users\/2476"}],"replies":[{"embeddable":true,"href":"https:\/\/encuentroinformativo.com.mx\/index.php?rest_route=%2Fwp%2Fv2%2Fcomments&post=37869"}],"version-history":[{"count":1,"href":"https:\/\/encuentroinformativo.com.mx\/index.php?rest_route=\/wp\/v2\/posts\/37869\/revisions"}],"predecessor-version":[{"id":37871,"href":"https:\/\/encuentroinformativo.com.mx\/index.php?rest_route=\/wp\/v2\/posts\/37869\/revisions\/37871"}],"wp:featuredmedia":[{"embeddable":true,"href":"https:\/\/encuentroinformativo.com.mx\/index.php?rest_route=\/wp\/v2\/media\/37870"}],"wp:attachment":[{"href":"https:\/\/encuentroinformativo.com.mx\/index.php?rest_route=%2Fwp%2Fv2%2Fmedia&parent=37869"}],"wp:term":[{"taxonomy":"category","embeddable":true,"href":"https:\/\/encuentroinformativo.com.mx\/index.php?rest_route=%2Fwp%2Fv2%2Fcategories&post=37869"},{"taxonomy":"post_tag","embeddable":true,"href":"https:\/\/encuentroinformativo.com.mx\/index.php?rest_route=%2Fwp%2Fv2%2Ftags&post=37869"}],"curies":[{"name":"wp","href":"https:\/\/api.w.org\/{rel}","templated":true}]}}