{"id":37875,"date":"2023-03-11T16:06:19","date_gmt":"2023-03-11T22:06:19","guid":{"rendered":"https:\/\/encuentroinformativo.com.mx\/?p=37875"},"modified":"2023-03-11T16:06:23","modified_gmt":"2023-03-11T22:06:23","slug":"acusan-a-regidor-de-veracruz-por-presunta-violencia-sexual-piden-se-separe-de-su-cargo","status":"publish","type":"post","link":"https:\/\/encuentroinformativo.com.mx\/?p=37875","title":{"rendered":"Acusan a regidor de Veracruz por presunta violencia sexual, piden se separe de su cargo"},"content":{"rendered":"\n<p><strong>Alejandro \u00c1vila<\/strong><\/p>\n\n\n\n<p>Veracruz, Ver.- A trav\u00e9s de la red social Instagram, la usuaria @ferchieacosta denunci\u00f3 haber sido v\u00edctima de violencia f\u00edsica, econ\u00f3mica, psicol\u00f3gica y sexual, por parte del actual regidor del Ayuntamiento de Veracruz Sebasti\u00e1n Cano Rodr\u00edguez.<\/p>\n\n\n\n<p>La joven relat\u00f3 que durante su \u00e9poca universitaria sufri\u00f3 de la violencia del ahora regidor en el municipio de Veracruz.<\/p>\n\n\n\n<p>Como bien saben llevo varios a\u00f1os apoyando los derechos de las mujeres, y estoy siempre alentando a las chicas a denunciar a sus violadores. Esta vez soy yo la que necesita alzar la voz y exponer a Sebasti\u00e1n, quien funge como regidor del municipio de Veracruz, esta persona me violento de manera f\u00edsica, econ\u00f3mica, psicol\u00f3gica y sexual, porque s\u00ed, Sebasti\u00e1n abus\u00f3 sexualmente de m\u00ed. Es muy doloroso vivir este proceso, tal vez por eso me tard\u00e9 tanto en hablar,&nbsp;mencion\u00f3 la joven en sus redes sociales.<\/p>\n\n\n\n<p>Ante esta situaci\u00f3n, la regidora Belem Palmeros Exsome, qui\u00e9n tambi\u00e9n es activista del feminismo, considero inaceptable cualquier tipo de violencia contra las mujeres.<\/p>\n\n\n\n<p>&#8220;Es muy lamentable que nos estemos enterando que entre los ediles tengamos un posible violentador de mujeres. Esto deja en claro que los partidos pol\u00edticos, sobre todo Morena, sigue sin hacer la tarea de investigar a qui\u00e9nes le dan un cargo de elecci\u00f3n popular. En una denuncia de este tipo, mi posici\u00f3n ser\u00e1 siempre del lado de las v\u00edctimas, pero considero que se debe realizar una denuncia ante las instancias competentes, y para eso le hago un llamado a la v\u00edctima en que la vamos a acompa\u00f1ar en todo lo que sea necesario&#8221;.<\/p>\n\n\n\n<p>&#8220;Los regidores somos representantes populares y debemos de rendir cuentas a la ciudadan\u00eda, especialmente cuando hay una acusaci\u00f3n de estas caracter\u00edsticas, tan grave y lamentable. A mi compa\u00f1ero regidor solo le puedo decir que no haga lo que todos sus compa\u00f1eros de Morena hacen, que act\u00fae \u00e9ticamente haci\u00e9ndose a un lado, que pida licencia y que deje que corra la investigaci\u00f3n, yo no puedo decir si es culpable o inocente, pero debe dejar suposici\u00f3n de privilegio es lo que se determina su culpabilidad&#8221;, culmin\u00f3 Palmeros Exsome.<\/p>\n","protected":false},"excerpt":{"rendered":"<p>Alejandro \u00c1vila Veracruz, Ver.- A trav\u00e9s de la red social Instagram, la usuaria @ferchieacosta denunci\u00f3 haber sido v\u00edctima de violencia f\u00edsica, econ\u00f3mica, psicol\u00f3gica y sexual, por parte del actual regidor del Ayuntamiento de Veracruz Sebasti\u00e1n Cano Rodr\u00edguez. La joven relat\u00f3 que durante su \u00e9poca universitaria sufri\u00f3 de la violencia del ahora regidor en el municipio [&hellip;]<\/p>\n","protected":false},"author":2476,"featured_media":37876,"comment_status":"open","ping_status":"open","sticky":false,"template":"","format":"standard","meta":{"_jetpack_memberships_contains_paid_content":false,"footnotes":""},"categories":[2],"tags":[],"class_list":["post-37875","post","type-post","status-publish","format-standard","has-post-thumbnail","hentry","category-estado"],"jetpack_featured_media_url":"https:\/\/encuentroinformativo.com.mx\/wp-content\/uploads\/2023\/03\/IMG-20230311-WA0021.jpg","jetpack_sharing_enabled":true,"jetpack_likes_enabled":true,"amp_enabled":true,"_links":{"self":[{"href":"https:\/\/encuentroinformativo.com.mx\/index.php?rest_route=\/wp\/v2\/posts\/37875","targetHints":{"allow":["GET"]}}],"collection":[{"href":"https:\/\/encuentroinformativo.com.mx\/index.php?rest_route=\/wp\/v2\/posts"}],"about":[{"href":"https:\/\/encuentroinformativo.com.mx\/index.php?rest_route=\/wp\/v2\/types\/post"}],"author":[{"embeddable":true,"href":"https:\/\/encuentroinformativo.com.mx\/index.php?rest_route=\/wp\/v2\/users\/2476"}],"replies":[{"embeddable":true,"href":"https:\/\/encuentroinformativo.com.mx\/index.php?rest_route=%2Fwp%2Fv2%2Fcomments&post=37875"}],"version-history":[{"count":1,"href":"https:\/\/encuentroinformativo.com.mx\/index.php?rest_route=\/wp\/v2\/posts\/37875\/revisions"}],"predecessor-version":[{"id":37877,"href":"https:\/\/encuentroinformativo.com.mx\/index.php?rest_route=\/wp\/v2\/posts\/37875\/revisions\/37877"}],"wp:featuredmedia":[{"embeddable":true,"href":"https:\/\/encuentroinformativo.com.mx\/index.php?rest_route=\/wp\/v2\/media\/37876"}],"wp:attachment":[{"href":"https:\/\/encuentroinformativo.com.mx\/index.php?rest_route=%2Fwp%2Fv2%2Fmedia&parent=37875"}],"wp:term":[{"taxonomy":"category","embeddable":true,"href":"https:\/\/encuentroinformativo.com.mx\/index.php?rest_route=%2Fwp%2Fv2%2Fcategories&post=37875"},{"taxonomy":"post_tag","embeddable":true,"href":"https:\/\/encuentroinformativo.com.mx\/index.php?rest_route=%2Fwp%2Fv2%2Ftags&post=37875"}],"curies":[{"name":"wp","href":"https:\/\/api.w.org\/{rel}","templated":true}]}}