{"id":3788,"date":"2020-07-02T11:35:25","date_gmt":"2020-07-02T16:35:25","guid":{"rendered":"https:\/\/encuentroinformativo.com\/?p=3788"},"modified":"2020-07-02T11:35:27","modified_gmt":"2020-07-02T16:35:27","slug":"tiene-razon-dona-beatriz","status":"publish","type":"post","link":"https:\/\/encuentroinformativo.com.mx\/?p=3788","title":{"rendered":"Tiene raz\u00f3n, do\u00f1a Beatriz"},"content":{"rendered":"\n<p><strong>Los Pol\u00edticos<\/strong><\/p>\n\n\n\n<p><strong>Salvador Mu\u00f1oz<\/strong><br><\/p>\n\n\n\n<p>A lo mejor a mucha gente, empezando por quienes se consideran oposici\u00f3n al sistema en el poder, no les ha ca\u00eddo el 20 de que la se\u00f1ora Beatriz Guti\u00e9rrez M\u00fcller no es la Primera Dama de M\u00e9xico, aunque en descargo de sus cr\u00edticos, vale igual enfatizar que si bien, no tiene injerencia (suponemos) en las decisiones de Andr\u00e9s Manuel L\u00f3pez Obrador (\u00a1es en serio! uno supone eso), su posici\u00f3n civil le obliga a cuidar cada una de sus respuestas, decisiones, acciones y m\u00e1s si las hace p\u00fablicas.<\/p>\n\n\n\n<p>Est\u00e1 de m\u00e1s decir que hablamos del \u201cNo soy m\u00e9dico\u201d, respuesta que da do\u00f1a Beatriz al cuestionamiento de Jos\u00e9 David Guerra Mu\u00f1oz: \u201c\u00bfCu\u00e1ndo atender\u00e1 personalmente a los padres de ni\u00f1os con c\u00e1ncer? Gracias por su respuesta\u201d.<\/p>\n\n\n\n<p>La respuesta de do\u00f1a Beatriz se puede considerar certera, aunque desde otra \u00f3ptica, puede estar equivocada\u2026 me explico y vamos por partes:<\/p>\n\n\n\n<p>Es cierto, la se\u00f1ora no es M\u00e9dico, pero\u2026 (\u00a1hijo de la chingada! \u00a1Qu\u00e9 inc\u00f3modo es ese \u201cPero\u201d!) en las ansias de Matador de do\u00f1a Beatriz, se deja llevar por su h\u00edgado y responde mal, err\u00f3neamente porque si nos atenemos a la petici\u00f3n precisa de Jos\u00e9 David, \u00e9l pregunta cu\u00e1ndo atender\u00e1 personalmente a los padres&#8230;. \u00a1a los padres! que creo est\u00e1n lejos de pedir un diagn\u00f3stico m\u00e9dico y s\u00ed exigir ser escuchados, que atiendan sus demandas, porque de un modo u otro, sus hijos tienen la atenci\u00f3n de un Doctor\u2026<\/p>\n\n\n\n<p>El problema de los padres es otro\u2026 o son muchos\u2026 un ejemplo de lo que podr\u00edan estar sufriendo en estos momentos, asegura Armando Lozoya<strong> (<\/strong>@ArmandoLozoya4), es la consecuencia que hubo cuando el gobierno cerr\u00f3 las instalaciones de la farmac\u00e9utica PISA, uno de los principales productores de medicina para ni\u00f1os con c\u00e1ncer. Con esto, la dosis que antes se consegu\u00eda en 150 pesos a la semana, hoy, si es que la hay, cuesta casi los tres mil pesos\u2026<\/p>\n\n\n\n<p>Luego entonces, el \u201cNo soy M\u00e9dico\u201d es cierto, porque no est\u00e1 dentro de los m\u00faltiples quehaceres que presume do\u00f1a Beatriz, como es ser escritora, cantante, profesora y repostera, pero nadie le pidi\u00f3 su intervenci\u00f3n como M\u00e9dico, sino m\u00e1s bien supongo que lo que se pretend\u00eda, era que actuara no como Primera Dama (ya est\u00e1 dicho que no lo es y ella igual no lo acepta), sino como la Esposa del Presidente de M\u00e9xico\u2026<\/p>\n\n\n\n<p>Quiz\u00e1s la se\u00f1ora no lo entienda, pero en nuestro colectivo pol\u00edtico-social tiene autoridad moral por ser quien es, la esposa del Presidente, sin que el que escribe, pretenda caer o predisponer un escenario patriarcal, por eso se le pide que atienda a unos padres, a unas madres, que quiz\u00e1s esperan ayuda econ\u00f3mica, s\u00ed; pero tambi\u00e9n apoyo, comprensi\u00f3n, atenci\u00f3n de un gobierno que hizo su apuesta en una frase: \u201cPrimero los pobres\u201d&#8230; \u00a1Ups! \u00a1Claro! Ah\u00ed est\u00e1 el error\u2026 no dijo \u201cPrimero los ni\u00f1os enfermos\u201d&#8230;<\/p>\n\n\n\n<p>\u00a1Conste! No se le pide a la se\u00f1ora Beatriz una respuesta pol\u00edtica, porque es evidente que lejos est\u00e1 de serlo; pero s\u00ed una respuesta atenta, cort\u00e9s y si puede, inteligente\u2026 s\u00f3lo si se puede, porque lamentablemente es una figura p\u00fablica, lo quiera o no, y por lo mismo, sus acciones han de repercutir de un modo u otro, en su esposo, el Presidente de la Rep\u00fablica, a quien con ese \u201cNo soy M\u00e9dico\u201d, le apest\u00f3 la celebraci\u00f3n de sus dos a\u00f1os de haber ganado la elecci\u00f3n\u2026<\/p>\n\n\n\n<p>La din\u00e1mica tuitera de Guti\u00e9rrez M\u00fcller nos deja dos ense\u00f1anzas:<br>1.- Do\u00f1a Beatriz es escritora, cantante, profesora, repostera y esposa del Presidente\u2026 mas no M\u00e9dico.<\/p>\n\n\n\n<p>2.- Do\u00f1a Beatriz igual nos deja en claro con su comportamiento p\u00fablico que no es la Primera Dama\u2026 quiz\u00e1s para estar ad hoc con la 4T sea una Dama de Cuarta.<br><\/p>\n\n\n\n<p><a href=\"mailto:smcainito@gmail.com\" target=\"_blank\" rel=\"noreferrer noopener\">smcainito@gmail.com<\/a><\/p>\n","protected":false},"excerpt":{"rendered":"<p>Los Pol\u00edticos Salvador Mu\u00f1oz A lo mejor a mucha gente, empezando por quienes se consideran oposici\u00f3n al sistema en el poder, no les ha ca\u00eddo el 20 de que la se\u00f1ora Beatriz Guti\u00e9rrez M\u00fcller no es la Primera Dama de M\u00e9xico, aunque en descargo de sus cr\u00edticos, vale igual enfatizar que si bien, no tiene [&hellip;]<\/p>\n","protected":false},"author":1,"featured_media":387,"comment_status":"open","ping_status":"open","sticky":false,"template":"","format":"standard","meta":{"_jetpack_memberships_contains_paid_content":false,"footnotes":""},"categories":[11],"tags":[],"class_list":["post-3788","post","type-post","status-publish","format-standard","has-post-thumbnail","hentry","category-opinion"],"jetpack_featured_media_url":"https:\/\/encuentroinformativo.com.mx\/wp-content\/uploads\/2020\/03\/7CF8A22B-2764-47BE-8F7F-38FE9E5D6A2F.jpeg","jetpack_sharing_enabled":true,"jetpack_likes_enabled":true,"amp_enabled":true,"_links":{"self":[{"href":"https:\/\/encuentroinformativo.com.mx\/index.php?rest_route=\/wp\/v2\/posts\/3788","targetHints":{"allow":["GET"]}}],"collection":[{"href":"https:\/\/encuentroinformativo.com.mx\/index.php?rest_route=\/wp\/v2\/posts"}],"about":[{"href":"https:\/\/encuentroinformativo.com.mx\/index.php?rest_route=\/wp\/v2\/types\/post"}],"author":[{"embeddable":true,"href":"https:\/\/encuentroinformativo.com.mx\/index.php?rest_route=\/wp\/v2\/users\/1"}],"replies":[{"embeddable":true,"href":"https:\/\/encuentroinformativo.com.mx\/index.php?rest_route=%2Fwp%2Fv2%2Fcomments&post=3788"}],"version-history":[{"count":1,"href":"https:\/\/encuentroinformativo.com.mx\/index.php?rest_route=\/wp\/v2\/posts\/3788\/revisions"}],"predecessor-version":[{"id":3789,"href":"https:\/\/encuentroinformativo.com.mx\/index.php?rest_route=\/wp\/v2\/posts\/3788\/revisions\/3789"}],"wp:featuredmedia":[{"embeddable":true,"href":"https:\/\/encuentroinformativo.com.mx\/index.php?rest_route=\/wp\/v2\/media\/387"}],"wp:attachment":[{"href":"https:\/\/encuentroinformativo.com.mx\/index.php?rest_route=%2Fwp%2Fv2%2Fmedia&parent=3788"}],"wp:term":[{"taxonomy":"category","embeddable":true,"href":"https:\/\/encuentroinformativo.com.mx\/index.php?rest_route=%2Fwp%2Fv2%2Fcategories&post=3788"},{"taxonomy":"post_tag","embeddable":true,"href":"https:\/\/encuentroinformativo.com.mx\/index.php?rest_route=%2Fwp%2Fv2%2Ftags&post=3788"}],"curies":[{"name":"wp","href":"https:\/\/api.w.org\/{rel}","templated":true}]}}