{"id":37887,"date":"2023-03-12T15:41:17","date_gmt":"2023-03-12T21:41:17","guid":{"rendered":"https:\/\/encuentroinformativo.com.mx\/?p=37887"},"modified":"2023-03-12T15:41:20","modified_gmt":"2023-03-12T21:41:20","slug":"durante-gestacion-le-diagnosticaron-cancer-solicita-ayuda","status":"publish","type":"post","link":"https:\/\/encuentroinformativo.com.mx\/?p=37887","title":{"rendered":"Durante gestaci\u00f3n le diagnosticaron c\u00e1ncer, solicita ayuda"},"content":{"rendered":"\n<p><strong>Juan Arcos <\/strong><\/p>\n\n\n\n<p>Xalapa, Ver.- Elena Mart\u00ednez Mauricio ten\u00eda seis meses de embarazo cuando le diagnosticaron c\u00e1ncer cervicouterino. Ella y su familia carecen de recursos econ\u00f3micos para su tratamiento m\u00e9dico.<\/p>\n\n\n\n<p>El d\u00eda 1 de febrero, la mujer fue internada en el Hospital Regional de Poza Rica, en la zona norte del estado de Veracruz, y ese d\u00eda inici\u00f3 su lucha contra dicha enfermedad mortal.<\/p>\n\n\n\n<p>\u201cTen\u00eda seis meses de embarazo cuando me realizaron el tacto los doctores y encontraron algo que no era normal en el cuello de la matriz, por lo cual no pude salir y me qued\u00e9 internada, posteriormente me hicieron estudios: una biopsia y estudios de sangre y durante esos d\u00edas me prediacnosticaron cervicitis aguda, los doctores me comentaron que estaban seguros que era c\u00e1ncer cervicouterino, cuando llega la biopsia se confirm\u00f3 lo que me hab\u00edan dicho y el tipo de c\u00e1ncer que ven\u00eda era cacu invasor\u201d, expres\u00f3.<\/p>\n\n\n\n<p>Estaba por cumplir siete meses de embarazo. No pod\u00edan realizarle m\u00e1s estudios hasta que naciera su beb\u00e9 y, mientras tanto, el c\u00e1ncer avanzaba da\u00f1ando a\u00fan m\u00e1s su organismo.<\/p>\n\n\n\n<p>&#8220;Gracias a Dios mi beb\u00e9 se adelant\u00f3 al d\u00eda 9 de febrero y lo que me dec\u00edan los doctores que iba a ser ces\u00e1rea, pero fue un parto normal, mi beb\u00e9 naci\u00f3 con dificultad de respirar e infecci\u00f3n en v\u00edas urinarias, estaba muy grave, los d\u00edas siguientes mejor\u00f3 gracias a Dios, a m\u00ed me hicieron una tomograf\u00eda para poder trasladarme al Cecan y yo desesperada porque ya hab\u00edan pasado varios d\u00edas y ya hab\u00eda ido con doctores particulares y me quer\u00edan operar de emergencia\u201d, relat\u00f3.<\/p>\n\n\n\n<p>El pasado 8 de marzo tuvo cita en el Centro Estatal de Cancerolog\u00eda (Cecan) \u201cDoctor Miguel Dorantes Mesa\u201d, ubicado en la ciudad de Xalapa, la capital del estado; sin embargo, se top\u00f3 con gastos monetarios elevados y su familia no pudo cubrirlos.<\/p>\n\n\n\n<p>\u201cMi esposo est\u00e1 conmigo y no cuenta con trabajo, ya que el d\u00eda 6 de marzo, a la una de la madrugada mi esposo sufri\u00f3 un asalto y le quitaron su herramienta de trabajo que es el carro, se levant\u00f3 el reporte en la fiscal\u00eda, a\u00fan as\u00ed ten\u00edamos que realizarnos varios estudios porque si no no nos aceptaban en el Cecan y mis hijos en casa esperando la comida gracias a Dios varias personas nos han aportado un poco de lo que han podido\u201d, agreg\u00f3 Elena.<\/p>\n\n\n\n<p>La paciente pide el apoyo de las autoridades municipales, estatales y federales, as\u00ed como de la poblaci\u00f3n en general, pues requiere de donaciones econ\u00f3micas para ganar la batalla contra el c\u00e1ncer cervicouterino.<\/p>\n\n\n\n<p>\u201cHoy cuento mi situaci\u00f3n para poder pedirles un apoyo, lo que nazca en su coraz\u00f3n, agradeciendo cada apoyo Dios les multiplique y les d\u00e9 el doble y a\u00fan m\u00e1s\u201d, enfatiz\u00f3.<\/p>\n\n\n\n<p>Elena proporcion\u00f3 su n\u00famero celular 7821395100 para quienes puedan ayudarla se comuniquen.<\/p>\n\n\n\n<p>Tambi\u00e9n dio el n\u00famero de su cu\u00f1ada Karen Yaneth D\u00edaz Rubio 7821276285.<br>Adem\u00e1s, hicieron p\u00fablico el n\u00famero de tarjeta bancaria BanCoppel 4169160889977568, a nombre de Elena Mart\u00ednez Mauricio.<\/p>\n","protected":false},"excerpt":{"rendered":"<p>Juan Arcos Xalapa, Ver.- Elena Mart\u00ednez Mauricio ten\u00eda seis meses de embarazo cuando le diagnosticaron c\u00e1ncer cervicouterino. Ella y su familia carecen de recursos econ\u00f3micos para su tratamiento m\u00e9dico. El d\u00eda 1 de febrero, la mujer fue internada en el Hospital Regional de Poza Rica, en la zona norte del estado de Veracruz, y ese [&hellip;]<\/p>\n","protected":false},"author":2476,"featured_media":37888,"comment_status":"open","ping_status":"open","sticky":false,"template":"","format":"standard","meta":{"_jetpack_memberships_contains_paid_content":false,"footnotes":""},"categories":[9],"tags":[],"class_list":["post-37887","post","type-post","status-publish","format-standard","has-post-thumbnail","hentry","category-salud"],"jetpack_featured_media_url":"https:\/\/encuentroinformativo.com.mx\/wp-content\/uploads\/2023\/03\/IMG_6228.jpg","jetpack_sharing_enabled":true,"jetpack_likes_enabled":true,"amp_enabled":true,"_links":{"self":[{"href":"https:\/\/encuentroinformativo.com.mx\/index.php?rest_route=\/wp\/v2\/posts\/37887","targetHints":{"allow":["GET"]}}],"collection":[{"href":"https:\/\/encuentroinformativo.com.mx\/index.php?rest_route=\/wp\/v2\/posts"}],"about":[{"href":"https:\/\/encuentroinformativo.com.mx\/index.php?rest_route=\/wp\/v2\/types\/post"}],"author":[{"embeddable":true,"href":"https:\/\/encuentroinformativo.com.mx\/index.php?rest_route=\/wp\/v2\/users\/2476"}],"replies":[{"embeddable":true,"href":"https:\/\/encuentroinformativo.com.mx\/index.php?rest_route=%2Fwp%2Fv2%2Fcomments&post=37887"}],"version-history":[{"count":1,"href":"https:\/\/encuentroinformativo.com.mx\/index.php?rest_route=\/wp\/v2\/posts\/37887\/revisions"}],"predecessor-version":[{"id":37889,"href":"https:\/\/encuentroinformativo.com.mx\/index.php?rest_route=\/wp\/v2\/posts\/37887\/revisions\/37889"}],"wp:featuredmedia":[{"embeddable":true,"href":"https:\/\/encuentroinformativo.com.mx\/index.php?rest_route=\/wp\/v2\/media\/37888"}],"wp:attachment":[{"href":"https:\/\/encuentroinformativo.com.mx\/index.php?rest_route=%2Fwp%2Fv2%2Fmedia&parent=37887"}],"wp:term":[{"taxonomy":"category","embeddable":true,"href":"https:\/\/encuentroinformativo.com.mx\/index.php?rest_route=%2Fwp%2Fv2%2Fcategories&post=37887"},{"taxonomy":"post_tag","embeddable":true,"href":"https:\/\/encuentroinformativo.com.mx\/index.php?rest_route=%2Fwp%2Fv2%2Ftags&post=37887"}],"curies":[{"name":"wp","href":"https:\/\/api.w.org\/{rel}","templated":true}]}}