{"id":37890,"date":"2023-03-12T15:46:04","date_gmt":"2023-03-12T21:46:04","guid":{"rendered":"https:\/\/encuentroinformativo.com.mx\/?p=37890"},"modified":"2023-03-12T15:46:08","modified_gmt":"2023-03-12T21:46:08","slug":"con-misa-piden-aparicion-de-activistas-desaparecidos-en-michoacan","status":"publish","type":"post","link":"https:\/\/encuentroinformativo.com.mx\/?p=37890","title":{"rendered":"Con misa, piden aparici\u00f3n de activistas desaparecidos en Michoac\u00e1n"},"content":{"rendered":"\n<p><strong>Juan Arcos <\/strong><\/p>\n\n\n\n<p>Xalapa, Ver.- Este domingo se realiz\u00f3 una misa en la Catedral Metropolitana de Xalapa para pedir la aparici\u00f3n con vida de los activistas Ricardo Lagunes Garza y Antonio D\u00edaz Valencia, quienes desaparecieron el pasado 15 de enero, en el estado de Michoac\u00e1n.<\/p>\n\n\n\n<p>Despu\u00e9s de la ceremonia religiosa, los familiares y amigos del abogado defensor de los derechos humanos, Ricardo Lagunes, protestaron en Plaza Sebasti\u00e1n Lerdo de Tejada, en esta ciudad de Xalapa.<\/p>\n\n\n\n<p>El se\u00f1or Arturo Lagunes Moreno, pap\u00e1 del abogado, alz\u00f3 la voz nuevamente frente al Palacio de Gobierno, para exigir a las autoridades que agilicen las acciones de b\u00fasqueda y as\u00ed garantizar su localizaci\u00f3n.<\/p>\n\n\n\n<p>Destac\u00f3 que su familia est\u00e1 desesperada y angustiada, pues no se sabe nada de los activistas desde hace 60 d\u00edas y, hasta el momento, no hay avances en las investigaciones por parte de las autoridades.<\/p>\n\n\n\n<p>\u201cNadie sabe lo que es vivir esa angustia, y ese dolor tan grande que se siente de no saber en qu\u00e9 condiciones est\u00e9\u201d, expres\u00f3 el se\u00f1or.<\/p>\n\n\n\n<p>Record\u00f3 que los defensores del territorio hab\u00edan ido a una asamblea en San Miguel Aquila, donde su hijo Ricardo representaba jur\u00eddicamente a la comunidad y estaba haciendo los tr\u00e1mites ante el Tribunal Agrario.<\/p>\n\n\n\n<p>El entrevistado enfatiz\u00f3 que en esa comunidad los activistas defend\u00edan a los pobladores de una mina de hierro del Grupo Terium. Incluso, consider\u00f3 que los dos hombres pudieron haber sido v\u00edctimas de la delincuencia por la defensa del territorio.<\/p>\n\n\n\n<p>Durante la manifestaci\u00f3n, las personas pidieron al gobernador del estado, Cuitl\u00e1huac Garc\u00eda Jim\u00e9nez, que sea un enlace con el presidente Andr\u00e9s Manuel L\u00f3pez Obrador para que se agilicen las investigaciones correspondientes.<\/p>\n","protected":false},"excerpt":{"rendered":"<p>Juan Arcos Xalapa, Ver.- Este domingo se realiz\u00f3 una misa en la Catedral Metropolitana de Xalapa para pedir la aparici\u00f3n con vida de los activistas Ricardo Lagunes Garza y Antonio D\u00edaz Valencia, quienes desaparecieron el pasado 15 de enero, en el estado de Michoac\u00e1n. Despu\u00e9s de la ceremonia religiosa, los familiares y amigos del abogado [&hellip;]<\/p>\n","protected":false},"author":2476,"featured_media":37891,"comment_status":"open","ping_status":"open","sticky":false,"template":"","format":"standard","meta":{"_jetpack_memberships_contains_paid_content":false,"footnotes":""},"categories":[3],"tags":[],"class_list":["post-37890","post","type-post","status-publish","format-standard","has-post-thumbnail","hentry","category-xalapa"],"jetpack_featured_media_url":"https:\/\/encuentroinformativo.com.mx\/wp-content\/uploads\/2023\/03\/3f5445dc-0419-4eff-b149-eafdce9ad79d.jpg","jetpack_sharing_enabled":true,"jetpack_likes_enabled":true,"amp_enabled":true,"_links":{"self":[{"href":"https:\/\/encuentroinformativo.com.mx\/index.php?rest_route=\/wp\/v2\/posts\/37890","targetHints":{"allow":["GET"]}}],"collection":[{"href":"https:\/\/encuentroinformativo.com.mx\/index.php?rest_route=\/wp\/v2\/posts"}],"about":[{"href":"https:\/\/encuentroinformativo.com.mx\/index.php?rest_route=\/wp\/v2\/types\/post"}],"author":[{"embeddable":true,"href":"https:\/\/encuentroinformativo.com.mx\/index.php?rest_route=\/wp\/v2\/users\/2476"}],"replies":[{"embeddable":true,"href":"https:\/\/encuentroinformativo.com.mx\/index.php?rest_route=%2Fwp%2Fv2%2Fcomments&post=37890"}],"version-history":[{"count":1,"href":"https:\/\/encuentroinformativo.com.mx\/index.php?rest_route=\/wp\/v2\/posts\/37890\/revisions"}],"predecessor-version":[{"id":37892,"href":"https:\/\/encuentroinformativo.com.mx\/index.php?rest_route=\/wp\/v2\/posts\/37890\/revisions\/37892"}],"wp:featuredmedia":[{"embeddable":true,"href":"https:\/\/encuentroinformativo.com.mx\/index.php?rest_route=\/wp\/v2\/media\/37891"}],"wp:attachment":[{"href":"https:\/\/encuentroinformativo.com.mx\/index.php?rest_route=%2Fwp%2Fv2%2Fmedia&parent=37890"}],"wp:term":[{"taxonomy":"category","embeddable":true,"href":"https:\/\/encuentroinformativo.com.mx\/index.php?rest_route=%2Fwp%2Fv2%2Fcategories&post=37890"},{"taxonomy":"post_tag","embeddable":true,"href":"https:\/\/encuentroinformativo.com.mx\/index.php?rest_route=%2Fwp%2Fv2%2Ftags&post=37890"}],"curies":[{"name":"wp","href":"https:\/\/api.w.org\/{rel}","templated":true}]}}