{"id":37893,"date":"2023-03-12T16:05:00","date_gmt":"2023-03-12T22:05:00","guid":{"rendered":"https:\/\/encuentroinformativo.com.mx\/?p=37893"},"modified":"2023-03-12T16:05:04","modified_gmt":"2023-03-12T22:05:04","slug":"fallece-esther-hernandez-palacios","status":"publish","type":"post","link":"https:\/\/encuentroinformativo.com.mx\/?p=37893","title":{"rendered":"Fallece Esther Hern\u00e1ndez Palacios"},"content":{"rendered":"\n<p><strong>Redacci\u00f3n<\/strong> <\/p>\n\n\n\n<p>Xalapa, Ver &#8211; La tarde de este domingo se dio a conocer el deceso de Esther Hern\u00e1ndez Palacios, reconocida acad\u00e9mica, entre cuyos cargos destac\u00f3 como directora del Instituto Veracruzano de Cultura (IVEC).<\/p>\n\n\n\n<p>La noticia ha generado gran conmoci\u00f3n en los distintos \u00e1mbitos de la vida p\u00fablica y acad\u00e9mica de la entidad. <\/p>\n\n\n\n<p>La reconocida acad\u00e9mica volc\u00f3 el dolor de haber perdido a su hija Irene M\u00e9ndez quien fue asesinada junto a su esposo en la ciudad de Xalapa, a trav\u00e9s de libros y documentales.<\/p>\n\n\n\n<p>Descanse en Paz.<\/p>\n","protected":false},"excerpt":{"rendered":"<p>Redacci\u00f3n Xalapa, Ver &#8211; La tarde de este domingo se dio a conocer el deceso de Esther Hern\u00e1ndez Palacios, reconocida acad\u00e9mica, entre cuyos cargos destac\u00f3 como directora del Instituto Veracruzano de Cultura (IVEC). La noticia ha generado gran conmoci\u00f3n en los distintos \u00e1mbitos de la vida p\u00fablica y acad\u00e9mica de la entidad. La reconocida acad\u00e9mica [&hellip;]<\/p>\n","protected":false},"author":2476,"featured_media":37895,"comment_status":"open","ping_status":"open","sticky":false,"template":"","format":"standard","meta":{"_jetpack_memberships_contains_paid_content":false,"footnotes":""},"categories":[2],"tags":[],"class_list":["post-37893","post","type-post","status-publish","format-standard","has-post-thumbnail","hentry","category-estado"],"jetpack_featured_media_url":"https:\/\/encuentroinformativo.com.mx\/wp-content\/uploads\/2023\/03\/FB_IMG_16786578968012.jpg","jetpack_sharing_enabled":true,"jetpack_likes_enabled":true,"amp_enabled":true,"_links":{"self":[{"href":"https:\/\/encuentroinformativo.com.mx\/index.php?rest_route=\/wp\/v2\/posts\/37893","targetHints":{"allow":["GET"]}}],"collection":[{"href":"https:\/\/encuentroinformativo.com.mx\/index.php?rest_route=\/wp\/v2\/posts"}],"about":[{"href":"https:\/\/encuentroinformativo.com.mx\/index.php?rest_route=\/wp\/v2\/types\/post"}],"author":[{"embeddable":true,"href":"https:\/\/encuentroinformativo.com.mx\/index.php?rest_route=\/wp\/v2\/users\/2476"}],"replies":[{"embeddable":true,"href":"https:\/\/encuentroinformativo.com.mx\/index.php?rest_route=%2Fwp%2Fv2%2Fcomments&post=37893"}],"version-history":[{"count":1,"href":"https:\/\/encuentroinformativo.com.mx\/index.php?rest_route=\/wp\/v2\/posts\/37893\/revisions"}],"predecessor-version":[{"id":37896,"href":"https:\/\/encuentroinformativo.com.mx\/index.php?rest_route=\/wp\/v2\/posts\/37893\/revisions\/37896"}],"wp:featuredmedia":[{"embeddable":true,"href":"https:\/\/encuentroinformativo.com.mx\/index.php?rest_route=\/wp\/v2\/media\/37895"}],"wp:attachment":[{"href":"https:\/\/encuentroinformativo.com.mx\/index.php?rest_route=%2Fwp%2Fv2%2Fmedia&parent=37893"}],"wp:term":[{"taxonomy":"category","embeddable":true,"href":"https:\/\/encuentroinformativo.com.mx\/index.php?rest_route=%2Fwp%2Fv2%2Fcategories&post=37893"},{"taxonomy":"post_tag","embeddable":true,"href":"https:\/\/encuentroinformativo.com.mx\/index.php?rest_route=%2Fwp%2Fv2%2Ftags&post=37893"}],"curies":[{"name":"wp","href":"https:\/\/api.w.org\/{rel}","templated":true}]}}