{"id":3790,"date":"2020-07-02T12:48:56","date_gmt":"2020-07-02T17:48:56","guid":{"rendered":"https:\/\/encuentroinformativo.com\/?p=3790"},"modified":"2020-07-02T12:48:58","modified_gmt":"2020-07-02T17:48:58","slug":"por-si-acaso-despliegan-elementos-antimotines","status":"publish","type":"post","link":"https:\/\/encuentroinformativo.com.mx\/?p=3790","title":{"rendered":"\u00a1Por si acaso!, despliegan elementos antimotines"},"content":{"rendered":"\n<p><strong>Dar\u00edo Pale <\/strong><\/p>\n\n\n\n<p>Xalapa, Ver.- Debido a la marcha \u201cno pac\u00edfica\u201d que estaba programada para este d\u00eda los elementos del cuerpo de granaderos estatales y municipales fueron desplegados en la zona del Teatro del Estado y del primer cuadro de la ciudad.<\/p>\n\n\n\n<p>Seg\u00fan la informaci\u00f3n por parte de la Secretar\u00eda de Seguridad P\u00fablica indica que los elementos no impedir\u00e1n la protesta convocada porque es un medio para expresar las ideas y el descontento contra determinadas pol\u00edticas o hechos, por lo que respetar\u00e1n la protesta y a quienes participen en ella si \u00e9sta se realiza de manera pac\u00edfica.<\/p>\n\n\n\n<p>Los elementos del cuerpo antimotines actuar\u00e1n solamente si la protesta anunciada se torna violenta y sus participantes agreden propiedad p\u00fablica y privada, pues no se desea un escenario similar al sucedido el pasado ocho de junio.<\/p>\n\n\n\n<p>Lo anterior se debe a que hace varios d\u00edas, propietarios de antros y bares de la ciudad se deslindaron de la protesta y manifestaron que no est\u00e1n de acuerdo con ella ni participar\u00e1n en la marcha, pues el di\u00e1logo constante con las autoridades es el mejor medio para llegar a acuerdos.<\/p>\n\n\n\n<p>Hasta las 11:30 de la ma\u00f1ana de hoy, en la zona del Teatro del Estado no hab\u00eda personas concentradas para la protesta y la marcha estaba convocada para las 11:00 horas.<\/p>\n","protected":false},"excerpt":{"rendered":"<p>Dar\u00edo Pale Xalapa, Ver.- Debido a la marcha \u201cno pac\u00edfica\u201d que estaba programada para este d\u00eda los elementos del cuerpo de granaderos estatales y municipales fueron desplegados en la zona del Teatro del Estado y del primer cuadro de la ciudad. Seg\u00fan la informaci\u00f3n por parte de la Secretar\u00eda de Seguridad P\u00fablica indica que los [&hellip;]<\/p>\n","protected":false},"author":1,"featured_media":3791,"comment_status":"open","ping_status":"open","sticky":false,"template":"","format":"standard","meta":{"_jetpack_memberships_contains_paid_content":false,"footnotes":""},"categories":[3],"tags":[],"class_list":["post-3790","post","type-post","status-publish","format-standard","has-post-thumbnail","hentry","category-xalapa"],"jetpack_featured_media_url":"https:\/\/encuentroinformativo.com.mx\/wp-content\/uploads\/2020\/07\/70EB483F-1C5C-4261-B34E-1B3DF0FFF94B.jpeg","jetpack_sharing_enabled":true,"jetpack_likes_enabled":true,"amp_enabled":true,"_links":{"self":[{"href":"https:\/\/encuentroinformativo.com.mx\/index.php?rest_route=\/wp\/v2\/posts\/3790","targetHints":{"allow":["GET"]}}],"collection":[{"href":"https:\/\/encuentroinformativo.com.mx\/index.php?rest_route=\/wp\/v2\/posts"}],"about":[{"href":"https:\/\/encuentroinformativo.com.mx\/index.php?rest_route=\/wp\/v2\/types\/post"}],"author":[{"embeddable":true,"href":"https:\/\/encuentroinformativo.com.mx\/index.php?rest_route=\/wp\/v2\/users\/1"}],"replies":[{"embeddable":true,"href":"https:\/\/encuentroinformativo.com.mx\/index.php?rest_route=%2Fwp%2Fv2%2Fcomments&post=3790"}],"version-history":[{"count":1,"href":"https:\/\/encuentroinformativo.com.mx\/index.php?rest_route=\/wp\/v2\/posts\/3790\/revisions"}],"predecessor-version":[{"id":3792,"href":"https:\/\/encuentroinformativo.com.mx\/index.php?rest_route=\/wp\/v2\/posts\/3790\/revisions\/3792"}],"wp:featuredmedia":[{"embeddable":true,"href":"https:\/\/encuentroinformativo.com.mx\/index.php?rest_route=\/wp\/v2\/media\/3791"}],"wp:attachment":[{"href":"https:\/\/encuentroinformativo.com.mx\/index.php?rest_route=%2Fwp%2Fv2%2Fmedia&parent=3790"}],"wp:term":[{"taxonomy":"category","embeddable":true,"href":"https:\/\/encuentroinformativo.com.mx\/index.php?rest_route=%2Fwp%2Fv2%2Fcategories&post=3790"},{"taxonomy":"post_tag","embeddable":true,"href":"https:\/\/encuentroinformativo.com.mx\/index.php?rest_route=%2Fwp%2Fv2%2Ftags&post=3790"}],"curies":[{"name":"wp","href":"https:\/\/api.w.org\/{rel}","templated":true}]}}