{"id":37901,"date":"2023-03-13T10:59:53","date_gmt":"2023-03-13T16:59:53","guid":{"rendered":"https:\/\/encuentroinformativo.com.mx\/?p=37901"},"modified":"2023-03-13T10:59:58","modified_gmt":"2023-03-13T16:59:58","slug":"trabajadores-no-son-obligados-a-participar-en-marcha-segun-delegado","status":"publish","type":"post","link":"https:\/\/encuentroinformativo.com.mx\/?p=37901","title":{"rendered":"Trabajadores no son obligados a participar en marcha, seg\u00fan Delegado"},"content":{"rendered":"\n<p><strong>Dar\u00edo Pale <\/strong><\/p>\n\n\n\n<p>Xalapa, Ver.- No se obliga a nadie a acudir a marcha del 18 de marzo en la Ciudad de M\u00e9xico, inform\u00f3 que en las comunidades se organizan, ya rentaron camiones, as\u00ed lo dio a conocer el delegado federal de los programas de Bienestar Manuel Huerta Ladron de Guevara.<\/p>\n\n\n\n<p>En conferencia de prensa, afirm\u00f3 que no se obliga a ning\u00fan trabajador de ninguna dependencia a acudir a la marcha del 18 de marzo a la Ciudad de M\u00e9xico, consider\u00f3 que si se les llegara a presionar para que acudan, lo que deben hacer es denunciar, para ello hay instancias, m\u00e1s all\u00e1 de la denuncia p\u00fablica.<\/p>\n\n\n\n<p>&#8220;La libertad no se solicita, no se implora, se ejecuta. Las denuncias se hacen ante las instancias. No es real, desde mi punto de vista muy personal que una autoridad no reciba -desde el WhatsApp-, si hay mecanismos&#8221;, coment\u00f3.<\/p>\n\n\n\n<p>&#8220;Yo he o\u00eddo a mis colegas de otros niveles de Gobierno, nos han dicho que eso no es as\u00ed, pero si alguien siente que le est\u00e1 pasando que denuncie&#8221;, agreg\u00f3.<\/p>\n\n\n\n<p>Huerta abund\u00f3 que la gente se organiza y se colabora para acudir a ese tipo de convocatorias que hace el Presidente.<\/p>\n\n\n\n<p>Neg\u00f3 que haya contratado autobuses porque no tiene ni la capacidad administrativa ni financiera para hacerlo, pero s\u00ed sabe que la gente se est\u00e1 organizando en las comunidades, incluso lo que sabe es que ya no hay camiones, que ya se contrataron para el viaje.<\/p>\n\n\n\n<p>Finalmente dio a conocer que, &#8220;s\u00e9 que hay gente que de manera voluntaria ofrecen el avent\u00f3n para que la gente se movilice&#8221;.<\/p>\n","protected":false},"excerpt":{"rendered":"<p>Dar\u00edo Pale Xalapa, Ver.- No se obliga a nadie a acudir a marcha del 18 de marzo en la Ciudad de M\u00e9xico, inform\u00f3 que en las comunidades se organizan, ya rentaron camiones, as\u00ed lo dio a conocer el delegado federal de los programas de Bienestar Manuel Huerta Ladron de Guevara. En conferencia de prensa, afirm\u00f3 [&hellip;]<\/p>\n","protected":false},"author":2476,"featured_media":37902,"comment_status":"open","ping_status":"open","sticky":false,"template":"","format":"standard","meta":{"_jetpack_memberships_contains_paid_content":false,"footnotes":""},"categories":[2],"tags":[],"class_list":["post-37901","post","type-post","status-publish","format-standard","has-post-thumbnail","hentry","category-estado"],"jetpack_featured_media_url":"https:\/\/encuentroinformativo.com.mx\/wp-content\/uploads\/2023\/03\/IMG-20230313-WA00222.jpg","jetpack_sharing_enabled":true,"jetpack_likes_enabled":true,"amp_enabled":true,"_links":{"self":[{"href":"https:\/\/encuentroinformativo.com.mx\/index.php?rest_route=\/wp\/v2\/posts\/37901","targetHints":{"allow":["GET"]}}],"collection":[{"href":"https:\/\/encuentroinformativo.com.mx\/index.php?rest_route=\/wp\/v2\/posts"}],"about":[{"href":"https:\/\/encuentroinformativo.com.mx\/index.php?rest_route=\/wp\/v2\/types\/post"}],"author":[{"embeddable":true,"href":"https:\/\/encuentroinformativo.com.mx\/index.php?rest_route=\/wp\/v2\/users\/2476"}],"replies":[{"embeddable":true,"href":"https:\/\/encuentroinformativo.com.mx\/index.php?rest_route=%2Fwp%2Fv2%2Fcomments&post=37901"}],"version-history":[{"count":1,"href":"https:\/\/encuentroinformativo.com.mx\/index.php?rest_route=\/wp\/v2\/posts\/37901\/revisions"}],"predecessor-version":[{"id":37903,"href":"https:\/\/encuentroinformativo.com.mx\/index.php?rest_route=\/wp\/v2\/posts\/37901\/revisions\/37903"}],"wp:featuredmedia":[{"embeddable":true,"href":"https:\/\/encuentroinformativo.com.mx\/index.php?rest_route=\/wp\/v2\/media\/37902"}],"wp:attachment":[{"href":"https:\/\/encuentroinformativo.com.mx\/index.php?rest_route=%2Fwp%2Fv2%2Fmedia&parent=37901"}],"wp:term":[{"taxonomy":"category","embeddable":true,"href":"https:\/\/encuentroinformativo.com.mx\/index.php?rest_route=%2Fwp%2Fv2%2Fcategories&post=37901"},{"taxonomy":"post_tag","embeddable":true,"href":"https:\/\/encuentroinformativo.com.mx\/index.php?rest_route=%2Fwp%2Fv2%2Ftags&post=37901"}],"curies":[{"name":"wp","href":"https:\/\/api.w.org\/{rel}","templated":true}]}}