{"id":37904,"date":"2023-03-13T11:10:22","date_gmt":"2023-03-13T17:10:22","guid":{"rendered":"https:\/\/encuentroinformativo.com.mx\/?p=37904"},"modified":"2023-03-13T11:10:25","modified_gmt":"2023-03-13T17:10:25","slug":"marchan-en-contra-de-urbanizadora-medellin","status":"publish","type":"post","link":"https:\/\/encuentroinformativo.com.mx\/?p=37904","title":{"rendered":"Marchan en contra de Urbanizadora Medell\u00edn"},"content":{"rendered":"\n<p><strong>Alejandro \u00c1vila<\/strong><\/p>\n\n\n\n<p>Medell\u00edn de Bravo, Ver.- Ciudadanos de los fraccionamientos Puente Moreno y Lagos de Puente Moreno caminaron por la localidad de El Tejar con rumbo al Palacio Municipal, en protesta por el servicio de agua que ofrece la empresa Urbanizadora Medell\u00edn.<\/p>\n\n\n\n<p>Al movimiento se sumaron el diputado local, Magdaleno Rosales Torres, y la l\u00edder del ex sindicato del SAS Metropolitano, Ang\u00e9lica Navarrete Mendoza; quienes alzaron la voz, por las presuntas irregularidades en el servicio que provee el agua potable en esta zona del municipio de Medell\u00edn de Bravo.<\/p>\n\n\n\n<p>&#8220;Sobre todo porque hay una problem\u00e1tica en Puente Moreno y Lagos Puente Moreno, donde ha habido cortes injustificados de agua, donde los cobros han excesivos, el cobro es muy alto, donde est\u00e1n cortando el agua al 100 por ciento, donde la ley\u2026hay Derechos Humanos, donde la gente debe tener m\u00ednimo el 30 por ciento, no puede cortar el agua, sobre todo donde tenemos adultos mayores, discapacitados, ni\u00f1os, gente enferma, a esta gente de Urbanizadora Medell\u00edn no le interesa esto&#8221;, asest\u00f3 el Legislador morenista.<\/p>\n\n\n\n<p>Magdaleno Rosales se\u00f1al\u00f3 que el agua no debe verse como un negocio, ya que es parte vital para la ciudadan\u00eda, por lo que tiene que manejarse desde una perspectiva de Derechos Humanos.<\/p>\n\n\n\n<p>Por su parte, la lidereza, Ang\u00e9lica Navarrete, expuso que la empresa Urbanizadora Medell\u00edn la cual es desarrolladora de vivienda, al municipalizar el fraccionamiento debi\u00f3 haber entregado la batuta al municipio de Medell\u00edn de Bravo, tal como se hace en otros sitios.<\/p>\n\n\n\n<p>&#8220;Desde el momento en que un fraccionador est\u00e1 haciendo un fraccionamiento, debe de entregarlo con todos los servicios, y ya debi\u00f3 haberlo entregado a todos los municipios,<\/p>\n\n\n\n<p>&#8220;Hab\u00eda un permiso cuando estaba el SAS y si mal no recuerdo ese permiso venci\u00f3 en septiembre del 2015, el fraccionador est\u00e1 obligado a entregar a los municipios los fraccionamientos con luz, agua, con todos los servicios, y le hago una pregunta, \u00bf a poco Comisi\u00f3n Federal est\u00e1 concesionando esa parte?&#8221;, remat\u00f3.<\/p>\n","protected":false},"excerpt":{"rendered":"<p>Alejandro \u00c1vila Medell\u00edn de Bravo, Ver.- Ciudadanos de los fraccionamientos Puente Moreno y Lagos de Puente Moreno caminaron por la localidad de El Tejar con rumbo al Palacio Municipal, en protesta por el servicio de agua que ofrece la empresa Urbanizadora Medell\u00edn. Al movimiento se sumaron el diputado local, Magdaleno Rosales Torres, y la l\u00edder [&hellip;]<\/p>\n","protected":false},"author":2476,"featured_media":37905,"comment_status":"open","ping_status":"open","sticky":false,"template":"","format":"standard","meta":{"_jetpack_memberships_contains_paid_content":false,"footnotes":""},"categories":[2],"tags":[],"class_list":["post-37904","post","type-post","status-publish","format-standard","has-post-thumbnail","hentry","category-estado"],"jetpack_featured_media_url":"https:\/\/encuentroinformativo.com.mx\/wp-content\/uploads\/2023\/03\/IMG-20230313-WA00242.jpg","jetpack_sharing_enabled":true,"jetpack_likes_enabled":true,"amp_enabled":true,"_links":{"self":[{"href":"https:\/\/encuentroinformativo.com.mx\/index.php?rest_route=\/wp\/v2\/posts\/37904","targetHints":{"allow":["GET"]}}],"collection":[{"href":"https:\/\/encuentroinformativo.com.mx\/index.php?rest_route=\/wp\/v2\/posts"}],"about":[{"href":"https:\/\/encuentroinformativo.com.mx\/index.php?rest_route=\/wp\/v2\/types\/post"}],"author":[{"embeddable":true,"href":"https:\/\/encuentroinformativo.com.mx\/index.php?rest_route=\/wp\/v2\/users\/2476"}],"replies":[{"embeddable":true,"href":"https:\/\/encuentroinformativo.com.mx\/index.php?rest_route=%2Fwp%2Fv2%2Fcomments&post=37904"}],"version-history":[{"count":1,"href":"https:\/\/encuentroinformativo.com.mx\/index.php?rest_route=\/wp\/v2\/posts\/37904\/revisions"}],"predecessor-version":[{"id":37906,"href":"https:\/\/encuentroinformativo.com.mx\/index.php?rest_route=\/wp\/v2\/posts\/37904\/revisions\/37906"}],"wp:featuredmedia":[{"embeddable":true,"href":"https:\/\/encuentroinformativo.com.mx\/index.php?rest_route=\/wp\/v2\/media\/37905"}],"wp:attachment":[{"href":"https:\/\/encuentroinformativo.com.mx\/index.php?rest_route=%2Fwp%2Fv2%2Fmedia&parent=37904"}],"wp:term":[{"taxonomy":"category","embeddable":true,"href":"https:\/\/encuentroinformativo.com.mx\/index.php?rest_route=%2Fwp%2Fv2%2Fcategories&post=37904"},{"taxonomy":"post_tag","embeddable":true,"href":"https:\/\/encuentroinformativo.com.mx\/index.php?rest_route=%2Fwp%2Fv2%2Ftags&post=37904"}],"curies":[{"name":"wp","href":"https:\/\/api.w.org\/{rel}","templated":true}]}}