{"id":37907,"date":"2023-03-13T11:18:47","date_gmt":"2023-03-13T17:18:47","guid":{"rendered":"https:\/\/encuentroinformativo.com.mx\/?p=37907"},"modified":"2023-03-13T11:18:51","modified_gmt":"2023-03-13T17:18:51","slug":"por-apagones-vecinos-de-el-coyol-protestan-en-cfe","status":"publish","type":"post","link":"https:\/\/encuentroinformativo.com.mx\/?p=37907","title":{"rendered":"Por apagones, vecinos de El Coyol protestan en CFE"},"content":{"rendered":"\n<p><strong>Alejandro \u00c1vila<\/strong><\/p>\n\n\n\n<p>Veracruz, Ver.- En las \u00faltimas cinco semanas miles de vecinos de la zona de El Coyol en el municipio de Veracruz han sufrido del constante corte de la energ\u00eda el\u00e9ctrica.<\/p>\n\n\n\n<p>Ante esta situaci\u00f3n decidieron manifestarse la ma\u00f1ana de este lunes a las afueras es la sede de la Comisi\u00f3n Federal de Electricidad ubicadas en la avenida Salvador D\u00edaz Mir\u00f3n, donde protestaron por los &#8220;apagones&#8221; que hay en la ciudad.<\/p>\n\n\n\n<p>Alejandro Ram\u00edrez, coordinador del movimiento, precis\u00f3 que los apagones ocurren en la madrugada y duran al menos 8 horas; siendo cerca m\u00e1s de 5 mil personas las afectadas.<\/p>\n\n\n\n<p>Los &#8220;apagones&#8221; adem\u00e1s afectan electrodom\u00e9sticos y alimentos, adem\u00e1s de que muchas personas tienen familiares enfermos y sus medicamentos necesitan estar en refrigeraci\u00f3n.<\/p>\n\n\n\n<p>&#8220;Muchos vecinos tenemos medicamentos de red fr\u00eda (\u2026) en el Centro de Salud que manejan vacunas ya no hay seguridad de que se apliquen bien porque no tiene una planta&#8221;.<\/p>\n\n\n\n<p>Remarc\u00f3 que durante la \u00faltima semana se ha agudizado el problema, &#8220;por semana, sin exagerar, cinco o siete d\u00edas y, lo peor, es que se nos va en la madrugada&#8221;.<\/p>\n\n\n\n<p>Mencion\u00f3 que ya se reunieron con autoridades de la CFE, quienes les dijeron que las fallas se deben a la falta de mantenimiento, adem\u00e1s de que alrededor de la zona hay muchos predios, donde familias se &#8220;cuelgan&#8221; de los postes de energ\u00eda el\u00e9ctrica provocando los desperfectos.<\/p>\n\n\n\n<p>Alejandro Ram\u00edrez, adelant\u00f3 que se har\u00e1 una supervisi\u00f3n y el pr\u00f3ximo viernes se volver\u00e1n a reunir para exigir una soluci\u00f3n a la problem\u00e1tica.<\/p>\n\n\n\n<figure class=\"wp-block-image size-large\"><img loading=\"lazy\" decoding=\"async\" width=\"1024\" height=\"768\" src=\"https:\/\/encuentroinformativo.com.mx\/wp-content\/uploads\/2023\/03\/IMG-20230313-WA0036-1024x768.jpg\" alt=\"\" class=\"wp-image-37909\" srcset=\"https:\/\/encuentroinformativo.com.mx\/wp-content\/uploads\/2023\/03\/IMG-20230313-WA0036-1024x768.jpg 1024w, https:\/\/encuentroinformativo.com.mx\/wp-content\/uploads\/2023\/03\/IMG-20230313-WA0036-300x225.jpg 300w, https:\/\/encuentroinformativo.com.mx\/wp-content\/uploads\/2023\/03\/IMG-20230313-WA0036-768x576.jpg 768w, https:\/\/encuentroinformativo.com.mx\/wp-content\/uploads\/2023\/03\/IMG-20230313-WA0036-1536x1152.jpg 1536w, https:\/\/encuentroinformativo.com.mx\/wp-content\/uploads\/2023\/03\/IMG-20230313-WA0036.jpg 1600w\" sizes=\"auto, (max-width: 1024px) 100vw, 1024px\" \/><\/figure>\n","protected":false},"excerpt":{"rendered":"<p>Alejandro \u00c1vila Veracruz, Ver.- En las \u00faltimas cinco semanas miles de vecinos de la zona de El Coyol en el municipio de Veracruz han sufrido del constante corte de la energ\u00eda el\u00e9ctrica. Ante esta situaci\u00f3n decidieron manifestarse la ma\u00f1ana de este lunes a las afueras es la sede de la Comisi\u00f3n Federal de Electricidad ubicadas [&hellip;]<\/p>\n","protected":false},"author":2476,"featured_media":37908,"comment_status":"open","ping_status":"open","sticky":false,"template":"","format":"standard","meta":{"_jetpack_memberships_contains_paid_content":false,"footnotes":""},"categories":[2],"tags":[],"class_list":["post-37907","post","type-post","status-publish","format-standard","has-post-thumbnail","hentry","category-estado"],"jetpack_featured_media_url":"https:\/\/encuentroinformativo.com.mx\/wp-content\/uploads\/2023\/03\/IMG-20230313-WA0035.jpg","jetpack_sharing_enabled":true,"jetpack_likes_enabled":true,"amp_enabled":true,"_links":{"self":[{"href":"https:\/\/encuentroinformativo.com.mx\/index.php?rest_route=\/wp\/v2\/posts\/37907","targetHints":{"allow":["GET"]}}],"collection":[{"href":"https:\/\/encuentroinformativo.com.mx\/index.php?rest_route=\/wp\/v2\/posts"}],"about":[{"href":"https:\/\/encuentroinformativo.com.mx\/index.php?rest_route=\/wp\/v2\/types\/post"}],"author":[{"embeddable":true,"href":"https:\/\/encuentroinformativo.com.mx\/index.php?rest_route=\/wp\/v2\/users\/2476"}],"replies":[{"embeddable":true,"href":"https:\/\/encuentroinformativo.com.mx\/index.php?rest_route=%2Fwp%2Fv2%2Fcomments&post=37907"}],"version-history":[{"count":1,"href":"https:\/\/encuentroinformativo.com.mx\/index.php?rest_route=\/wp\/v2\/posts\/37907\/revisions"}],"predecessor-version":[{"id":37910,"href":"https:\/\/encuentroinformativo.com.mx\/index.php?rest_route=\/wp\/v2\/posts\/37907\/revisions\/37910"}],"wp:featuredmedia":[{"embeddable":true,"href":"https:\/\/encuentroinformativo.com.mx\/index.php?rest_route=\/wp\/v2\/media\/37908"}],"wp:attachment":[{"href":"https:\/\/encuentroinformativo.com.mx\/index.php?rest_route=%2Fwp%2Fv2%2Fmedia&parent=37907"}],"wp:term":[{"taxonomy":"category","embeddable":true,"href":"https:\/\/encuentroinformativo.com.mx\/index.php?rest_route=%2Fwp%2Fv2%2Fcategories&post=37907"},{"taxonomy":"post_tag","embeddable":true,"href":"https:\/\/encuentroinformativo.com.mx\/index.php?rest_route=%2Fwp%2Fv2%2Ftags&post=37907"}],"curies":[{"name":"wp","href":"https:\/\/api.w.org\/{rel}","templated":true}]}}