{"id":37916,"date":"2023-03-13T12:18:06","date_gmt":"2023-03-13T18:18:06","guid":{"rendered":"https:\/\/encuentroinformativo.com.mx\/?p=37916"},"modified":"2023-03-13T12:18:10","modified_gmt":"2023-03-13T18:18:10","slug":"refuerzan-trabajos-de-bacheo-en-veracruz-puerto","status":"publish","type":"post","link":"https:\/\/encuentroinformativo.com.mx\/?p=37916","title":{"rendered":"Refuerzan trabajos de bacheo en Veracruz Puerto"},"content":{"rendered":"\n<p><strong>Alejandro \u00c1vila<\/strong><\/p>\n\n\n\n<p>Veracruz, Ver.- \u00a1Acabaremos con los baches!, fueron las palabras de la alcaldesa, Patricia Lobeira Rodr\u00edguez durante la entrevista ofrecida tras anunciar el programa &#8220;El Doble de Cuadrillas Arreglando tus Calles&#8221;.<\/p>\n\n\n\n<p>La edil panista manifest\u00f3 que se invertir\u00e1n 30 millones de pesos para el bacheo de la ciudad, este monto ser\u00e1 independiente del Programa General de Inversiones (PGI) del municipio durante el 2023.<\/p>\n\n\n\n<p>Cabe recordar que en enero del 2022, en entrevista a la alcaldesa Patricia Lobeira Rodr\u00edguez reconoci\u00f3 que el municipio ten\u00eda un problema de 17 mil baches, mismos que ser\u00edan combatidos permanentemente.<\/p>\n\n\n\n<p>La presidenta municipal declar\u00f3 que se duplicar\u00e1 el n\u00famero de cuadrillas que trabajan en las calles de la ciudad de Veracruz; al mismo tiempo, reconoci\u00f3 que las zonas m\u00e1s afectadas son los R\u00edo Medios, Geovillas, la colonia Ricardo Flores Mag\u00f3n y la colonia Centro.<\/p>\n\n\n\n<p>Sobre la denuncia en redes sociales que se hizo este fin de semana en contra del regidor morenista, Sebasti\u00e1n Cano, la alcaldesa dijo que brindar\u00e1n acompa\u00f1amiento a la presunta v\u00edctima; aunado a ello, aclar\u00f3 que esperar\u00e1n a que se haga una denuncia formal y que culmine el proceso de investigaci\u00f3n para posteriormente conocer sobre el veredicto.<\/p>\n","protected":false},"excerpt":{"rendered":"<p>Alejandro \u00c1vila Veracruz, Ver.- \u00a1Acabaremos con los baches!, fueron las palabras de la alcaldesa, Patricia Lobeira Rodr\u00edguez durante la entrevista ofrecida tras anunciar el programa &#8220;El Doble de Cuadrillas Arreglando tus Calles&#8221;. La edil panista manifest\u00f3 que se invertir\u00e1n 30 millones de pesos para el bacheo de la ciudad, este monto ser\u00e1 independiente del Programa [&hellip;]<\/p>\n","protected":false},"author":2476,"featured_media":37917,"comment_status":"open","ping_status":"open","sticky":false,"template":"","format":"standard","meta":{"_jetpack_memberships_contains_paid_content":false,"footnotes":""},"categories":[2],"tags":[],"class_list":["post-37916","post","type-post","status-publish","format-standard","has-post-thumbnail","hentry","category-estado"],"jetpack_featured_media_url":"https:\/\/encuentroinformativo.com.mx\/wp-content\/uploads\/2023\/03\/IMG-20230313-WA0059.jpg","jetpack_sharing_enabled":true,"jetpack_likes_enabled":true,"amp_enabled":true,"_links":{"self":[{"href":"https:\/\/encuentroinformativo.com.mx\/index.php?rest_route=\/wp\/v2\/posts\/37916","targetHints":{"allow":["GET"]}}],"collection":[{"href":"https:\/\/encuentroinformativo.com.mx\/index.php?rest_route=\/wp\/v2\/posts"}],"about":[{"href":"https:\/\/encuentroinformativo.com.mx\/index.php?rest_route=\/wp\/v2\/types\/post"}],"author":[{"embeddable":true,"href":"https:\/\/encuentroinformativo.com.mx\/index.php?rest_route=\/wp\/v2\/users\/2476"}],"replies":[{"embeddable":true,"href":"https:\/\/encuentroinformativo.com.mx\/index.php?rest_route=%2Fwp%2Fv2%2Fcomments&post=37916"}],"version-history":[{"count":1,"href":"https:\/\/encuentroinformativo.com.mx\/index.php?rest_route=\/wp\/v2\/posts\/37916\/revisions"}],"predecessor-version":[{"id":37918,"href":"https:\/\/encuentroinformativo.com.mx\/index.php?rest_route=\/wp\/v2\/posts\/37916\/revisions\/37918"}],"wp:featuredmedia":[{"embeddable":true,"href":"https:\/\/encuentroinformativo.com.mx\/index.php?rest_route=\/wp\/v2\/media\/37917"}],"wp:attachment":[{"href":"https:\/\/encuentroinformativo.com.mx\/index.php?rest_route=%2Fwp%2Fv2%2Fmedia&parent=37916"}],"wp:term":[{"taxonomy":"category","embeddable":true,"href":"https:\/\/encuentroinformativo.com.mx\/index.php?rest_route=%2Fwp%2Fv2%2Fcategories&post=37916"},{"taxonomy":"post_tag","embeddable":true,"href":"https:\/\/encuentroinformativo.com.mx\/index.php?rest_route=%2Fwp%2Fv2%2Ftags&post=37916"}],"curies":[{"name":"wp","href":"https:\/\/api.w.org\/{rel}","templated":true}]}}