{"id":37919,"date":"2023-03-13T12:20:52","date_gmt":"2023-03-13T18:20:52","guid":{"rendered":"https:\/\/encuentroinformativo.com.mx\/?p=37919"},"modified":"2023-03-13T12:20:56","modified_gmt":"2023-03-13T18:20:56","slug":"asesinan-a-cargador-en-mercado-la-mina-de-poza-rica","status":"publish","type":"post","link":"https:\/\/encuentroinformativo.com.mx\/?p=37919","title":{"rendered":"Asesinan a cargador en mercado La Mina de Poza Rica"},"content":{"rendered":"\n<p><strong>Alejandro \u00c1vila<\/strong><\/p>\n\n\n\n<p>Poza Rica, Ver.- A primera hora de este lunes un joven fue asesinado en un puesto de verduras donde se desempe\u00f1aba como cargador, justo en las inmediaciones del mercado &#8220;La Mina&#8221;, ubicado en la colonia Ricardo Flores Mag\u00f3n del municipio de Poza Rica.<\/p>\n\n\n\n<p>Testigos se\u00f1alan que dos sujetos llegaron al mencionado local, y sin previo aviso dispararon en reiteradas ocasiones sobre el obrero, posteriormente se dieron a la fuga.<\/p>\n\n\n\n<p>Elementos de la Secretar\u00eda de Seguridad P\u00fablica acudieron a la zona como primero respondientes y acordonaron el \u00e1rea; momentos m\u00e1s tarde, detectives Ministeriales llegaron para realizar las investigaciones correspondientes e intentar dar con el m\u00f3vil del crimen, ante lo cual ya se abri\u00f3 una carpeta de investigaci\u00f3n.<\/p>\n\n\n\n<p>Personal de la Fiscal\u00eda General del Estado y un perito criminalista arribaron para realizar las diligencias correspondientes, posteriormente ordenaron el levantamiento del cuerpo el cual fue llevado al SEMEFO.<\/p>\n","protected":false},"excerpt":{"rendered":"<p>Alejandro \u00c1vila Poza Rica, Ver.- A primera hora de este lunes un joven fue asesinado en un puesto de verduras donde se desempe\u00f1aba como cargador, justo en las inmediaciones del mercado &#8220;La Mina&#8221;, ubicado en la colonia Ricardo Flores Mag\u00f3n del municipio de Poza Rica. Testigos se\u00f1alan que dos sujetos llegaron al mencionado local, y [&hellip;]<\/p>\n","protected":false},"author":2476,"featured_media":37920,"comment_status":"open","ping_status":"open","sticky":false,"template":"","format":"standard","meta":{"_jetpack_memberships_contains_paid_content":false,"footnotes":""},"categories":[14],"tags":[],"class_list":["post-37919","post","type-post","status-publish","format-standard","has-post-thumbnail","hentry","category-policiaca"],"jetpack_featured_media_url":"https:\/\/encuentroinformativo.com.mx\/wp-content\/uploads\/2023\/03\/IMG-20230313-WA0037.jpg","jetpack_sharing_enabled":true,"jetpack_likes_enabled":true,"amp_enabled":true,"_links":{"self":[{"href":"https:\/\/encuentroinformativo.com.mx\/index.php?rest_route=\/wp\/v2\/posts\/37919","targetHints":{"allow":["GET"]}}],"collection":[{"href":"https:\/\/encuentroinformativo.com.mx\/index.php?rest_route=\/wp\/v2\/posts"}],"about":[{"href":"https:\/\/encuentroinformativo.com.mx\/index.php?rest_route=\/wp\/v2\/types\/post"}],"author":[{"embeddable":true,"href":"https:\/\/encuentroinformativo.com.mx\/index.php?rest_route=\/wp\/v2\/users\/2476"}],"replies":[{"embeddable":true,"href":"https:\/\/encuentroinformativo.com.mx\/index.php?rest_route=%2Fwp%2Fv2%2Fcomments&post=37919"}],"version-history":[{"count":1,"href":"https:\/\/encuentroinformativo.com.mx\/index.php?rest_route=\/wp\/v2\/posts\/37919\/revisions"}],"predecessor-version":[{"id":37921,"href":"https:\/\/encuentroinformativo.com.mx\/index.php?rest_route=\/wp\/v2\/posts\/37919\/revisions\/37921"}],"wp:featuredmedia":[{"embeddable":true,"href":"https:\/\/encuentroinformativo.com.mx\/index.php?rest_route=\/wp\/v2\/media\/37920"}],"wp:attachment":[{"href":"https:\/\/encuentroinformativo.com.mx\/index.php?rest_route=%2Fwp%2Fv2%2Fmedia&parent=37919"}],"wp:term":[{"taxonomy":"category","embeddable":true,"href":"https:\/\/encuentroinformativo.com.mx\/index.php?rest_route=%2Fwp%2Fv2%2Fcategories&post=37919"},{"taxonomy":"post_tag","embeddable":true,"href":"https:\/\/encuentroinformativo.com.mx\/index.php?rest_route=%2Fwp%2Fv2%2Ftags&post=37919"}],"curies":[{"name":"wp","href":"https:\/\/api.w.org\/{rel}","templated":true}]}}