{"id":37928,"date":"2023-03-13T13:29:56","date_gmt":"2023-03-13T19:29:56","guid":{"rendered":"https:\/\/encuentroinformativo.com.mx\/?p=37928"},"modified":"2023-03-13T13:30:00","modified_gmt":"2023-03-13T19:30:00","slug":"por-tercera-ocasion-roban-primaria-de-coatepec","status":"publish","type":"post","link":"https:\/\/encuentroinformativo.com.mx\/?p=37928","title":{"rendered":"Por tercera ocasi\u00f3n, roban primaria de Coatepec"},"content":{"rendered":"\n<p><strong>Juan Arcos <\/strong><\/p>\n\n\n\n<p>Coatepec, Ver.- La escuela primaria \u201cCantonal Benito Ju\u00e1rez\u201d de Coatepec ha sido saqueada tres veces durante los \u00faltimos cinco a\u00f1os. El hecho m\u00e1s reciente se registr\u00f3 de domingo para lunes.<\/p>\n\n\n\n<p>Las autoridades acad\u00e9micas confirmaron que la instituci\u00f3n fue vandalizada por sujetos desconocidos, quienes tambi\u00e9n robaron objetos de valor.<\/p>\n\n\n\n<p>Esto ocurri\u00f3 a pesar de que el plantel se encuentra frente al Palacio Municipal, sobre la calle Melchor Ocampo y Miguel Lerdo, a unos metros tambi\u00e9n del mercado municipal \u201cMiguel Rebolledo\u201d.<\/p>\n\n\n\n<p>Se presume que mientras se llevaba a cabo el Segundo Encuentro del Orgullo Veracruzano en el parque \u201cMiguel Hidalgo\u201d de Coatepec, la noche del domingo, los sujetos ingresaron a la escuela.<\/p>\n\n\n\n<p>Forzaron puertas, ventanas, portones, rejas, protecciones, candados y chapas para sustraer computadoras, proyectores, equipos de sonido, impresoras, pantallas y micr\u00f3fonos.<\/p>\n\n\n\n<p>El subdirector del plantel, Jos\u00e9 Juvencio Matla, indic\u00f3 que este lunes arribaron polic\u00edas y se realiz\u00f3 una revisi\u00f3n exhaustiva en cada una de las aulas para detectar los objetos faltantes.<\/p>\n\n\n\n<p>\u201cCon este van tres robos. Desde que lleg\u00f3 la directora han sido varios. La nueva directora lleva como cinco a\u00f1os en el cargo\u201d, expres\u00f3.<\/p>\n\n\n\n<p>El plantel tambi\u00e9n fue da\u00f1ado, pues los delincuentes rompieron vidrios, archiveros y causaron destrozos.<\/p>\n\n\n\n<p>Las clases fueron suspendidas este lunes 13 de marzo para recabar la informaci\u00f3n y proceder legalmente.<\/p>\n\n\n\n<p>Aunque han sido presentadas las denuncias en la Fiscal\u00eda General del Estado (FGE) los atracos contin\u00faan ocurriendo en la escuela primaria.<\/p>\n\n\n\n<figure class=\"wp-block-image size-large\"><img loading=\"lazy\" decoding=\"async\" width=\"1024\" height=\"766\" src=\"https:\/\/encuentroinformativo.com.mx\/wp-content\/uploads\/2023\/03\/244d80b3-258d-4e6a-a8f5-3876dc3ca170-1024x766.jpg\" alt=\"\" class=\"wp-image-37930\" srcset=\"https:\/\/encuentroinformativo.com.mx\/wp-content\/uploads\/2023\/03\/244d80b3-258d-4e6a-a8f5-3876dc3ca170-1024x766.jpg 1024w, https:\/\/encuentroinformativo.com.mx\/wp-content\/uploads\/2023\/03\/244d80b3-258d-4e6a-a8f5-3876dc3ca170-300x224.jpg 300w, https:\/\/encuentroinformativo.com.mx\/wp-content\/uploads\/2023\/03\/244d80b3-258d-4e6a-a8f5-3876dc3ca170-768x575.jpg 768w, https:\/\/encuentroinformativo.com.mx\/wp-content\/uploads\/2023\/03\/244d80b3-258d-4e6a-a8f5-3876dc3ca170-1536x1149.jpg 1536w, https:\/\/encuentroinformativo.com.mx\/wp-content\/uploads\/2023\/03\/244d80b3-258d-4e6a-a8f5-3876dc3ca170.jpg 1600w\" sizes=\"auto, (max-width: 1024px) 100vw, 1024px\" \/><\/figure>\n","protected":false},"excerpt":{"rendered":"<p>Juan Arcos Coatepec, Ver.- La escuela primaria \u201cCantonal Benito Ju\u00e1rez\u201d de Coatepec ha sido saqueada tres veces durante los \u00faltimos cinco a\u00f1os. El hecho m\u00e1s reciente se registr\u00f3 de domingo para lunes. Las autoridades acad\u00e9micas confirmaron que la instituci\u00f3n fue vandalizada por sujetos desconocidos, quienes tambi\u00e9n robaron objetos de valor. Esto ocurri\u00f3 a pesar de [&hellip;]<\/p>\n","protected":false},"author":2476,"featured_media":37929,"comment_status":"open","ping_status":"open","sticky":false,"template":"","format":"standard","meta":{"_jetpack_memberships_contains_paid_content":false,"footnotes":""},"categories":[8],"tags":[],"class_list":["post-37928","post","type-post","status-publish","format-standard","has-post-thumbnail","hentry","category-region"],"jetpack_featured_media_url":"https:\/\/encuentroinformativo.com.mx\/wp-content\/uploads\/2023\/03\/c350fc23-19db-4bcb-9dc6-10ba01fc5d8b.jpg","jetpack_sharing_enabled":true,"jetpack_likes_enabled":true,"amp_enabled":true,"_links":{"self":[{"href":"https:\/\/encuentroinformativo.com.mx\/index.php?rest_route=\/wp\/v2\/posts\/37928","targetHints":{"allow":["GET"]}}],"collection":[{"href":"https:\/\/encuentroinformativo.com.mx\/index.php?rest_route=\/wp\/v2\/posts"}],"about":[{"href":"https:\/\/encuentroinformativo.com.mx\/index.php?rest_route=\/wp\/v2\/types\/post"}],"author":[{"embeddable":true,"href":"https:\/\/encuentroinformativo.com.mx\/index.php?rest_route=\/wp\/v2\/users\/2476"}],"replies":[{"embeddable":true,"href":"https:\/\/encuentroinformativo.com.mx\/index.php?rest_route=%2Fwp%2Fv2%2Fcomments&post=37928"}],"version-history":[{"count":1,"href":"https:\/\/encuentroinformativo.com.mx\/index.php?rest_route=\/wp\/v2\/posts\/37928\/revisions"}],"predecessor-version":[{"id":37931,"href":"https:\/\/encuentroinformativo.com.mx\/index.php?rest_route=\/wp\/v2\/posts\/37928\/revisions\/37931"}],"wp:featuredmedia":[{"embeddable":true,"href":"https:\/\/encuentroinformativo.com.mx\/index.php?rest_route=\/wp\/v2\/media\/37929"}],"wp:attachment":[{"href":"https:\/\/encuentroinformativo.com.mx\/index.php?rest_route=%2Fwp%2Fv2%2Fmedia&parent=37928"}],"wp:term":[{"taxonomy":"category","embeddable":true,"href":"https:\/\/encuentroinformativo.com.mx\/index.php?rest_route=%2Fwp%2Fv2%2Fcategories&post=37928"},{"taxonomy":"post_tag","embeddable":true,"href":"https:\/\/encuentroinformativo.com.mx\/index.php?rest_route=%2Fwp%2Fv2%2Ftags&post=37928"}],"curies":[{"name":"wp","href":"https:\/\/api.w.org\/{rel}","templated":true}]}}