{"id":3793,"date":"2020-07-02T13:26:54","date_gmt":"2020-07-02T18:26:54","guid":{"rendered":"https:\/\/encuentroinformativo.com\/?p=3793"},"modified":"2020-07-02T13:26:57","modified_gmt":"2020-07-02T18:26:57","slug":"marcha-no-pacifica-fue-borregazo-senalan-autoridades","status":"publish","type":"post","link":"https:\/\/encuentroinformativo.com.mx\/?p=3793","title":{"rendered":"Marcha no pac\u00edfica fue \u201cborregazo\u201d, se\u00f1alan autoridades"},"content":{"rendered":"\n<p><strong>Dar\u00edo Pale <\/strong><\/p>\n\n\n\n<p>Xalapa, Ver.- El director de Gobernaci\u00f3n del ayuntamiento de Xalapa Juan Vergel Pacheco calific\u00f3 como un \u201cborregazo\u201d, la marcha no pac\u00edfica que estaba convocada para este d\u00eda ya que nadie se present\u00f3 a la convocatoria que sali\u00f3 hace unos d\u00edas en redes sociales.<\/p>\n\n\n\n<p>Entrevistado a las afueras de palacio municipal dio a conocer que \u00a0la convocatoria de la marcha es riesgosa y altamente irresponsable ya que genera zozobra en la poblaci\u00f3n.<\/p>\n\n\n\n<p>\u201cHasta este momento no ha llegado un solo manifestante al punto de reuni\u00f3n, para ellos las dos dependencias tanto el gobierno municipal como el gobierno del estado se han dispuesto ha montar un operativo que garantice la seguridad y la tranquilidad del comercio formal y tambi\u00e9n el de los peatones\u201d, se\u00f1al\u00f3.<\/p>\n\n\n\n<p>Dio a conocer que las diferentes c\u00e1maras de comercio y agrupaciones se manifestaron en contra de este tipo de manifestaciones con violencia, por lo que muchos se deslindaron de este tipo de actividades agresivas, lo cual demuestra el rechazo por parte de la poblaci\u00f3n.<\/p>\n\n\n\n<p>&#8220;Puro borrego est\u00e1 circulando en redes sociales. No es informaci\u00f3n veraz y por supuesto est\u00e1 muy alejada de lo que est\u00e1 sucediendo realmente&#8221; dijo al se\u00f1alar a los due\u00f1os de bares de la zona centro que rechazaron y se deslindaron de cualquier manifestaci\u00f3n violenta.<\/p>\n\n\n\n<p>&#8220;Nos parece irresponsable porque genera sozobra en la poblaci\u00f3n. Hasta este momento no ha llegado ning\u00fan manifestante al punto de reuni\u00f3n&#8221;, coment\u00f3.<\/p>\n\n\n\n<p>Finalmente dio a conocer que el gobierno tiene la disposici\u00f3n de escuchar todo tipo de reclamos de exigencias de demandas siempre y cuando no se afecte el orden p\u00fablico y mucho menos se afecte de personas, de terceros que no tienen nada que ver con las demandas.<\/p>\n\n\n\n<p><\/p>\n","protected":false},"excerpt":{"rendered":"<p>Dar\u00edo Pale Xalapa, Ver.- El director de Gobernaci\u00f3n del ayuntamiento de Xalapa Juan Vergel Pacheco calific\u00f3 como un \u201cborregazo\u201d, la marcha no pac\u00edfica que estaba convocada para este d\u00eda ya que nadie se present\u00f3 a la convocatoria que sali\u00f3 hace unos d\u00edas en redes sociales. Entrevistado a las afueras de palacio municipal dio a conocer [&hellip;]<\/p>\n","protected":false},"author":1,"featured_media":3794,"comment_status":"open","ping_status":"open","sticky":false,"template":"","format":"standard","meta":{"_jetpack_memberships_contains_paid_content":false,"footnotes":""},"categories":[3],"tags":[],"class_list":["post-3793","post","type-post","status-publish","format-standard","has-post-thumbnail","hentry","category-xalapa"],"jetpack_featured_media_url":"https:\/\/encuentroinformativo.com.mx\/wp-content\/uploads\/2020\/07\/140FF78E-6289-4FCD-88B5-EAFA379048CA.jpeg","jetpack_sharing_enabled":true,"jetpack_likes_enabled":true,"amp_enabled":true,"_links":{"self":[{"href":"https:\/\/encuentroinformativo.com.mx\/index.php?rest_route=\/wp\/v2\/posts\/3793","targetHints":{"allow":["GET"]}}],"collection":[{"href":"https:\/\/encuentroinformativo.com.mx\/index.php?rest_route=\/wp\/v2\/posts"}],"about":[{"href":"https:\/\/encuentroinformativo.com.mx\/index.php?rest_route=\/wp\/v2\/types\/post"}],"author":[{"embeddable":true,"href":"https:\/\/encuentroinformativo.com.mx\/index.php?rest_route=\/wp\/v2\/users\/1"}],"replies":[{"embeddable":true,"href":"https:\/\/encuentroinformativo.com.mx\/index.php?rest_route=%2Fwp%2Fv2%2Fcomments&post=3793"}],"version-history":[{"count":1,"href":"https:\/\/encuentroinformativo.com.mx\/index.php?rest_route=\/wp\/v2\/posts\/3793\/revisions"}],"predecessor-version":[{"id":3795,"href":"https:\/\/encuentroinformativo.com.mx\/index.php?rest_route=\/wp\/v2\/posts\/3793\/revisions\/3795"}],"wp:featuredmedia":[{"embeddable":true,"href":"https:\/\/encuentroinformativo.com.mx\/index.php?rest_route=\/wp\/v2\/media\/3794"}],"wp:attachment":[{"href":"https:\/\/encuentroinformativo.com.mx\/index.php?rest_route=%2Fwp%2Fv2%2Fmedia&parent=3793"}],"wp:term":[{"taxonomy":"category","embeddable":true,"href":"https:\/\/encuentroinformativo.com.mx\/index.php?rest_route=%2Fwp%2Fv2%2Fcategories&post=3793"},{"taxonomy":"post_tag","embeddable":true,"href":"https:\/\/encuentroinformativo.com.mx\/index.php?rest_route=%2Fwp%2Fv2%2Ftags&post=3793"}],"curies":[{"name":"wp","href":"https:\/\/api.w.org\/{rel}","templated":true}]}}