{"id":37932,"date":"2023-03-13T14:36:32","date_gmt":"2023-03-13T20:36:32","guid":{"rendered":"https:\/\/encuentroinformativo.com.mx\/?p=37932"},"modified":"2023-03-13T14:36:36","modified_gmt":"2023-03-13T20:36:36","slug":"antorchistas-piden-investigar-incendio-en-escuela-portena","status":"publish","type":"post","link":"https:\/\/encuentroinformativo.com.mx\/?p=37932","title":{"rendered":"Antorchistas, piden investigar incendio en escuela porte\u00f1a"},"content":{"rendered":"\n<p><strong>Juan Arcos <\/strong><\/p>\n\n\n\n<p>Veracruz, Ver.- Vecinos antorchistas del puerto de Veracruz denunciaron que la escuela preparatoria \u201cPablo Neruda\u201d, ubicada en la comunidad Dos Lomas, sufri\u00f3 da\u00f1os en su edifico y tambi\u00e9n fue robada hace unas semanas.<\/p>\n\n\n\n<p>Los pobladores de las colonias Unidad Antorchista, Clara C\u00f3rdova Mor\u00e1n y Sentimientos de la Naci\u00f3n, por mencionar algunas, pidieron la urgente intervenci\u00f3n de las autoridades.<\/p>\n\n\n\n<p>Recordaron que, el pasado 7 de febrero, personas desconocidas incendiaron el plantel, situaci\u00f3n que fue controlada por los vecinos; sin embargo, de no haber sido as\u00ed, se hubiesen quemado los laboratorios, las aulas y los materiales de la instituci\u00f3n.<\/p>\n\n\n\n<p>&#8220;Publicamos las fotograf\u00edas de la dimensi\u00f3n del incendio, pues nadie se explica como se gener\u00f3 este, un incendio inmenso. Incendio que puso en peligro a los vecinos de la escuela, pues al interior de la misma hab\u00eda dos cilindros de gas: uno de 30 y otro de 20 kilogramos que pudieron haber explotado con sus respectivas consecuencias\u201d, enfatizaron.<\/p>\n\n\n\n<p>Sospechan que las personas que provocaron este incendio, el 19 de febrero, solo 12 d\u00edas despu\u00e9s, entraron a robar al plantel, llev\u00e1ndose varios art\u00edculos de la cafeter\u00eda.<\/p>\n\n\n\n<p>\u201cUna nueva agresi\u00f3n, consistente en un robo de art\u00edculos de primera necesidad. Esperaron la oscuridad de la noche para cometer ambos atentados\u201d, enfatizaron.<\/p>\n\n\n\n<p>Por tal motivo, pidieron a la Fiscal\u00eda General del Estado (FGE) que lleve a cabo la investigaci\u00f3n correspondiente y as\u00ed garantizar que estos hechos no queden en la impunidad.<\/p>\n\n\n\n<p>\u201cDeben intervenir para que las cosas no pasen a mayores como lo ocurrido el pasado 18 de enero, en la que desafortunadamente un joven estudiante de la zona norte del municipio perdi\u00f3 la vida, v\u00edctima de dos pu\u00f1aladas de un asesino, asesinato que hasta el momento est\u00e1 impune\u201d, increparon.<\/p>\n","protected":false},"excerpt":{"rendered":"<p>Juan Arcos Veracruz, Ver.- Vecinos antorchistas del puerto de Veracruz denunciaron que la escuela preparatoria \u201cPablo Neruda\u201d, ubicada en la comunidad Dos Lomas, sufri\u00f3 da\u00f1os en su edifico y tambi\u00e9n fue robada hace unas semanas. Los pobladores de las colonias Unidad Antorchista, Clara C\u00f3rdova Mor\u00e1n y Sentimientos de la Naci\u00f3n, por mencionar algunas, pidieron la [&hellip;]<\/p>\n","protected":false},"author":2476,"featured_media":37933,"comment_status":"open","ping_status":"open","sticky":false,"template":"","format":"standard","meta":{"_jetpack_memberships_contains_paid_content":false,"footnotes":""},"categories":[2],"tags":[],"class_list":["post-37932","post","type-post","status-publish","format-standard","has-post-thumbnail","hentry","category-estado"],"jetpack_featured_media_url":"https:\/\/encuentroinformativo.com.mx\/wp-content\/uploads\/2023\/03\/bf3dd892-ebbc-496c-8412-1d7c9f295908.jpg","jetpack_sharing_enabled":true,"jetpack_likes_enabled":true,"amp_enabled":true,"_links":{"self":[{"href":"https:\/\/encuentroinformativo.com.mx\/index.php?rest_route=\/wp\/v2\/posts\/37932","targetHints":{"allow":["GET"]}}],"collection":[{"href":"https:\/\/encuentroinformativo.com.mx\/index.php?rest_route=\/wp\/v2\/posts"}],"about":[{"href":"https:\/\/encuentroinformativo.com.mx\/index.php?rest_route=\/wp\/v2\/types\/post"}],"author":[{"embeddable":true,"href":"https:\/\/encuentroinformativo.com.mx\/index.php?rest_route=\/wp\/v2\/users\/2476"}],"replies":[{"embeddable":true,"href":"https:\/\/encuentroinformativo.com.mx\/index.php?rest_route=%2Fwp%2Fv2%2Fcomments&post=37932"}],"version-history":[{"count":1,"href":"https:\/\/encuentroinformativo.com.mx\/index.php?rest_route=\/wp\/v2\/posts\/37932\/revisions"}],"predecessor-version":[{"id":37934,"href":"https:\/\/encuentroinformativo.com.mx\/index.php?rest_route=\/wp\/v2\/posts\/37932\/revisions\/37934"}],"wp:featuredmedia":[{"embeddable":true,"href":"https:\/\/encuentroinformativo.com.mx\/index.php?rest_route=\/wp\/v2\/media\/37933"}],"wp:attachment":[{"href":"https:\/\/encuentroinformativo.com.mx\/index.php?rest_route=%2Fwp%2Fv2%2Fmedia&parent=37932"}],"wp:term":[{"taxonomy":"category","embeddable":true,"href":"https:\/\/encuentroinformativo.com.mx\/index.php?rest_route=%2Fwp%2Fv2%2Fcategories&post=37932"},{"taxonomy":"post_tag","embeddable":true,"href":"https:\/\/encuentroinformativo.com.mx\/index.php?rest_route=%2Fwp%2Fv2%2Ftags&post=37932"}],"curies":[{"name":"wp","href":"https:\/\/api.w.org\/{rel}","templated":true}]}}