{"id":37935,"date":"2023-03-13T14:51:34","date_gmt":"2023-03-13T20:51:34","guid":{"rendered":"https:\/\/encuentroinformativo.com.mx\/?p=37935"},"modified":"2023-03-13T14:51:40","modified_gmt":"2023-03-13T20:51:40","slug":"estudiantes-denuncian-acoso-y-represion-en-facultad-de-arquitectura","status":"publish","type":"post","link":"https:\/\/encuentroinformativo.com.mx\/?p=37935","title":{"rendered":"Estudiantes denuncian acoso y represi\u00f3n en facultad de Arquitectura"},"content":{"rendered":"\n<p><strong>Dar\u00edo Pale <\/strong><\/p>\n\n\n\n<p>Xalapa, Ver.- Hacen llegar a la redacci\u00f3n un comunicado por parte las alumnas de la facultad de Arquitectura de la Universidad Veracruzana en el cual dan a conocer los siguientes hechos:<\/p>\n\n\n\n<p>El d\u00eda 08 de Marzo en apoyo al movimiento por los derechos de las mujeres, varias alumnas de la Facultad de Arquitectura de la Universidad Veracruzana, expusieron sus denuncias an\u00f3nimas en un tendedero afuera del Edificio de Talleres, donde exhib\u00edan los nombres de aquellos Profesores y Alumnos que las han agredido en diferentes ocasiones.\u00a0<\/p>\n\n\n\n<p>Siendo los Arquitectos Juan Andr\u00e9s S\u00e1nchez, Francisco Fino y Luis Estrada los que m\u00e1s quejas an\u00f3nimas tuvieron, quejas que van desde las agresiones verbales hasta f\u00edsicas que se han venido presentando no solo en en actual semestre, sino que se tratan de situaciones que se han presentado en a\u00f1os anteriores, esta situaci\u00f3n consterna a las alumnas debido a que la Universidad Veracruzana no ha actuado de ninguna manera y que incluso parece cubrir a estos agresores pues se ha notado que la actual estrategia que parece utilizar la administraci\u00f3n de la Facultad de Arquitectura para que las alumnas continuen inscribiendo clases con ellos es mostrar las materias con un docente &#8220;sin asignar&#8221; para posteriormente notificar (ya cuando no hay oportunidad de cambiar la materia) que los profesores asignados son estos agresores.<\/p>\n\n\n\n<p>Las mujeres de esta facultad exigimos ser escuchadas por la UV.<\/p>\n\n\n\n<p>Algo importante que recalcar es que el tendedero fue reprimido por la misma direcci\u00f3n de la Facultad al ordenar quitarlo de manera inmediata, suprimiendo as\u00ed las quejas expuestas, situaci\u00f3n que molesto al alumnado dado que es una clara acci\u00f3n de desinter\u00e9s que minimiza la ca\u00f3tica situaci\u00f3n que se vive dentro de las Instalaciones de la Facultad de Arquitectura de la UV.\u00a0<\/p>\n\n\n\n<p>Al mismo tiempo se ha notado que los profesores hacen lo posible para &#8220;quedar bien&#8221; frente a los alumnos pues, se les ha visto conversando con compa\u00f1eros utilizando siempre el mismo argumento:\u00a0<\/p>\n\n\n\n<p>&#8220;Ahora ya no podemos acercarnos para apoyarles porque piensan que es acoso&#8221; o &#8220;Hay compa\u00f1eras que ni siquiera muestran inter\u00e9s por la materia, ni siquiera han venido a revisar&#8221;, sabiendo que la mayor\u00eda de las compa\u00f1eras no se acercan por temor a ser acosadas.<\/p>\n\n\n\n<p>Concluye el documento\u00a0<\/p>\n","protected":false},"excerpt":{"rendered":"<p>Dar\u00edo Pale Xalapa, Ver.- Hacen llegar a la redacci\u00f3n un comunicado por parte las alumnas de la facultad de Arquitectura de la Universidad Veracruzana en el cual dan a conocer los siguientes hechos: El d\u00eda 08 de Marzo en apoyo al movimiento por los derechos de las mujeres, varias alumnas de la Facultad de Arquitectura [&hellip;]<\/p>\n","protected":false},"author":2476,"featured_media":37936,"comment_status":"open","ping_status":"open","sticky":false,"template":"","format":"standard","meta":{"_jetpack_memberships_contains_paid_content":false,"footnotes":""},"categories":[3],"tags":[],"class_list":["post-37935","post","type-post","status-publish","format-standard","has-post-thumbnail","hentry","category-xalapa"],"jetpack_featured_media_url":"https:\/\/encuentroinformativo.com.mx\/wp-content\/uploads\/2023\/03\/IMG-20230313-WA0095.jpg","jetpack_sharing_enabled":true,"jetpack_likes_enabled":true,"amp_enabled":true,"_links":{"self":[{"href":"https:\/\/encuentroinformativo.com.mx\/index.php?rest_route=\/wp\/v2\/posts\/37935","targetHints":{"allow":["GET"]}}],"collection":[{"href":"https:\/\/encuentroinformativo.com.mx\/index.php?rest_route=\/wp\/v2\/posts"}],"about":[{"href":"https:\/\/encuentroinformativo.com.mx\/index.php?rest_route=\/wp\/v2\/types\/post"}],"author":[{"embeddable":true,"href":"https:\/\/encuentroinformativo.com.mx\/index.php?rest_route=\/wp\/v2\/users\/2476"}],"replies":[{"embeddable":true,"href":"https:\/\/encuentroinformativo.com.mx\/index.php?rest_route=%2Fwp%2Fv2%2Fcomments&post=37935"}],"version-history":[{"count":1,"href":"https:\/\/encuentroinformativo.com.mx\/index.php?rest_route=\/wp\/v2\/posts\/37935\/revisions"}],"predecessor-version":[{"id":37937,"href":"https:\/\/encuentroinformativo.com.mx\/index.php?rest_route=\/wp\/v2\/posts\/37935\/revisions\/37937"}],"wp:featuredmedia":[{"embeddable":true,"href":"https:\/\/encuentroinformativo.com.mx\/index.php?rest_route=\/wp\/v2\/media\/37936"}],"wp:attachment":[{"href":"https:\/\/encuentroinformativo.com.mx\/index.php?rest_route=%2Fwp%2Fv2%2Fmedia&parent=37935"}],"wp:term":[{"taxonomy":"category","embeddable":true,"href":"https:\/\/encuentroinformativo.com.mx\/index.php?rest_route=%2Fwp%2Fv2%2Fcategories&post=37935"},{"taxonomy":"post_tag","embeddable":true,"href":"https:\/\/encuentroinformativo.com.mx\/index.php?rest_route=%2Fwp%2Fv2%2Ftags&post=37935"}],"curies":[{"name":"wp","href":"https:\/\/api.w.org\/{rel}","templated":true}]}}